{"id":16470,"date":"2025-01-04T13:23:41","date_gmt":"2025-01-04T13:23:41","guid":{"rendered":"https:\/\/car4youspain.com\/wiber-uebersicht\/"},"modified":"2025-07-02T16:19:20","modified_gmt":"2025-07-02T16:19:20","slug":"wiber-uebersicht","status":"publish","type":"post","link":"https:\/\/car4youspain.com\/de\/wiber-uebersicht\/","title":{"rendered":"Wiber \u00dcbersicht"},"content":{"rendered":"\t\t<div data-elementor-type=\"wp-post\" data-elementor-id=\"16470\" class=\"elementor elementor-16470 elementor-5821\" data-elementor-post-type=\"post\">\n\t\t\t\t<div class=\"elementor-element elementor-element-db534fb e-flex e-con-boxed e-con e-parent\" data-id=\"db534fb\" data-element_type=\"container\" data-e-type=\"container\">\n\t\t\t\t\t<div class=\"e-con-inner\">\n\t\t<div class=\"elementor-element elementor-element-8d8474a e-con-full e-flex e-con e-child\" data-id=\"8d8474a\" data-element_type=\"container\" data-e-type=\"container\">\n\t\t\t\t<div class=\"elementor-element elementor-element-2677e4e elementor-widget elementor-widget-image\" data-id=\"2677e4e\" data-element_type=\"widget\" data-e-type=\"widget\" data-widget_type=\"image.default\">\n\t\t\t\t\t\t\t\t\t\t\t\t\t\t\t<img fetchpriority=\"high\" decoding=\"async\" width=\"1080\" height=\"1350\" src=\"https:\/\/car4youspain.com\/wp-content\/uploads\/2025\/05\/462191720_991546032984796_3956768600964652555_n.jpg\" class=\"attachment-full size-full wp-image-15492\" alt=\"wiber rent a car\" srcset=\"https:\/\/car4youspain.com\/wp-content\/uploads\/2025\/05\/462191720_991546032984796_3956768600964652555_n.jpg 1080w, https:\/\/car4youspain.com\/wp-content\/uploads\/2025\/05\/462191720_991546032984796_3956768600964652555_n-240x300.jpg 240w, https:\/\/car4youspain.com\/wp-content\/uploads\/2025\/05\/462191720_991546032984796_3956768600964652555_n-864x1080.jpg 864w, https:\/\/car4youspain.com\/wp-content\/uploads\/2025\/05\/462191720_991546032984796_3956768600964652555_n-768x960.jpg 768w\" sizes=\"(max-width: 1080px) 100vw, 1080px\" \/>\t\t\t\t\t\t\t\t\t\t\t\t\t\t\t<\/div>\n\t\t\t\t<\/div>\n\t\t<div class=\"elementor-element elementor-element-e4f2789 e-con-full e-flex e-con e-child\" data-id=\"e4f2789\" data-element_type=\"container\" data-e-type=\"container\">\n\t\t\t\t<div class=\"elementor-element elementor-element-92b4faa elementor-widget elementor-widget-heading\" data-id=\"92b4faa\" data-element_type=\"widget\" data-e-type=\"widget\" data-widget_type=\"heading.default\">\n\t\t\t\t\t<h1 class=\"elementor-heading-title elementor-size-default\">Wiber Rent a Car - Autovermietung ohne Kreditkarte oder Kaution - unser pers\u00f6nlicher Favorit!\nVerwenden Sie den Gutscheincode FIESTA10 und sparen Sie 10%!\n<\/h1>\t\t\t\t<\/div>\n\t\t\t\t<div class=\"elementor-element elementor-element-34a4928 elementor-widget elementor-widget-text-editor\" data-id=\"34a4928\" data-element_type=\"widget\" data-e-type=\"widget\" data-widget_type=\"text-editor.default\">\n\t\t\t\t\t\t\t\t\t<p><strong>Wiber Rent a Car<\/strong> bietet ein umfassendes Autovermietungserlebnis in ganz Spanien mit modernen L\u00f6sungen, transparenten Preisen und hervorragendem Kundenservice. Das Unternehmen hat sich Qualit\u00e4t und Kundenzufriedenheit auf die Fahnen geschrieben &#8211; das beweisen nicht nur die ausgezeichneten Trustpilot-Bewertungen, sondern auch das 100%ige Zufriedenheits-Feedback, das wir \u00fcber unsere eigene Website erhalten. <\/p><p>Unserer Erfahrung nach bietet Wiber<strong> in \u00fcber 90 % der F\u00e4lle<\/strong> den<strong> besten Preis &#8211; ohne Kompromisse: keine Kaution, keine Kreditkarte erforderlich, und Sie k\u00f6nnen sogar vor Ort bezahlen.<\/strong> Aus diesem Grund ist Wiber unser Lieblingsautovermieter in Spanien geworden.<\/p>\t\t\t\t\t\t\t\t<\/div>\n\t\t\t\t<div class=\"elementor-element elementor-element-00038d4 elementor-align-justify elementor-widget__width-initial elementor-mobile-align-justify elementor-widget-mobile__width-inherit elementor-widget elementor-widget-button\" data-id=\"00038d4\" data-element_type=\"widget\" data-e-type=\"widget\" data-widget_type=\"button.default\">\n\t\t\t\t\t\t\t\t\t\t<a class=\"elementor-button elementor-button-link elementor-size-sm\" href=\"https:\/\/www.wiberrentacar.com\/en\/?aff=SPANYOLORSZAG&#038;&#038;utm_source=affiliate&#038;utm_medium=link&#038;utm_campaign=generic_en&#038;utm_content=spanyolorszag\" target=\"_blank\" rel=\"noopener\">\n\t\t\t\t\t\t<span class=\"elementor-button-content-wrapper\">\n\t\t\t\t\t\t\t\t\t<span class=\"elementor-button-text\">Jetzt buchen<\/span>\n\t\t\t\t\t<\/span>\n\t\t\t\t\t<\/a>\n\t\t\t\t\t\t\t\t<\/div>\n\t\t\t\t<\/div>\n\t\t\t\t\t<\/div>\n\t\t\t\t<\/div>\n\t\t<div class=\"elementor-element elementor-element-55482ae e-flex e-con-boxed e-con e-parent\" data-id=\"55482ae\" data-element_type=\"container\" data-e-type=\"container\">\n\t\t\t\t\t<div class=\"e-con-inner\">\n\t\t\t\t<div class=\"elementor-element elementor-element-d1748f3 elementor-widget elementor-widget-heading\" data-id=\"d1748f3\" data-element_type=\"widget\" data-e-type=\"widget\" data-widget_type=\"heading.default\">\n\t\t\t\t\t<h2 class=\"elementor-heading-title elementor-size-default\">Warum Wiber Rent a Car w\u00e4hlen?<\/h2>\t\t\t\t<\/div>\n\t\t\t\t\t<\/div>\n\t\t\t\t<\/div>\n\t\t<div class=\"elementor-element elementor-element-03d01e7 e-flex e-con-boxed e-con e-parent\" data-id=\"03d01e7\" data-element_type=\"container\" data-e-type=\"container\">\n\t\t\t\t\t<div class=\"e-con-inner\">\n\t\t<div class=\"elementor-element elementor-element-79c9a10 e-con-full e-flex e-con e-child\" data-id=\"79c9a10\" data-element_type=\"container\" data-e-type=\"container\">\n\t\t\t\t<div class=\"elementor-element elementor-element-1eeefcc elementor-view-default elementor-position-block-start elementor-mobile-position-block-start elementor-widget elementor-widget-icon-box\" data-id=\"1eeefcc\" data-element_type=\"widget\" data-e-type=\"widget\" data-settings=\"{&quot;motion_fx_motion_fx_scrolling&quot;:&quot;yes&quot;,&quot;motion_fx_devices&quot;:[&quot;desktop&quot;,&quot;laptop&quot;,&quot;tablet_extra&quot;,&quot;tablet&quot;,&quot;mobile_extra&quot;,&quot;mobile&quot;]}\" data-widget_type=\"icon-box.default\">\n\t\t\t\t\t\t\t<div class=\"elementor-icon-box-wrapper\">\n\n\t\t\t\t\t\t<div class=\"elementor-icon-box-icon\">\n\t\t\t\t<span  class=\"elementor-icon\">\n\t\t\t\t\t\t\t\t<\/span>\n\t\t\t<\/div>\n\t\t\t\n\t\t\t\t\t\t<div class=\"elementor-icon-box-content\">\n\n\t\t\t\t\t\t\t\t\t<h3 class=\"elementor-icon-box-title\">\n\t\t\t\t\t\t<span  >\n\t\t\t\t\t\t\tVollkasko-Versicherung\t\t\t\t\t\t<\/span>\n\t\t\t\t\t<\/h3>\n\t\t\t\t\n\t\t\t\t\t\t\t\t\t<p class=\"elementor-icon-box-description\">\n\t\t\t\t\t\tSie deckt auch Sch\u00e4den an Windschutzscheiben, Reifen und Fahrgestell ab, so dass Sie beruhigt sein k\u00f6nnen.\t\t\t\t\t<\/p>\n\t\t\t\t\n\t\t\t<\/div>\n\t\t\t\n\t\t<\/div>\n\t\t\t\t\t\t<\/div>\n\t\t\t\t<\/div>\n\t\t<div class=\"elementor-element elementor-element-dad9d77 e-con-full e-flex e-con e-child\" data-id=\"dad9d77\" data-element_type=\"container\" data-e-type=\"container\">\n\t\t\t\t<div class=\"elementor-element elementor-element-59dfd33 elementor-view-default elementor-position-block-start elementor-mobile-position-block-start elementor-widget elementor-widget-icon-box\" data-id=\"59dfd33\" data-element_type=\"widget\" data-e-type=\"widget\" data-widget_type=\"icon-box.default\">\n\t\t\t\t\t\t\t<div class=\"elementor-icon-box-wrapper\">\n\n\t\t\t\t\t\t<div class=\"elementor-icon-box-icon\">\n\t\t\t\t<span  class=\"elementor-icon\">\n\t\t\t\t\t\t\t\t<\/span>\n\t\t\t<\/div>\n\t\t\t\n\t\t\t\t\t\t<div class=\"elementor-icon-box-content\">\n\n\t\t\t\t\t\t\t\t\t<h3 class=\"elementor-icon-box-title\">\n\t\t\t\t\t\t<span  >\n\t\t\t\t\t\t\tEindeutige Preisgestaltung\t\t\t\t\t\t<\/span>\n\t\t\t\t\t<\/h3>\n\t\t\t\t\n\t\t\t\t\t\t\t\t\t<p class=\"elementor-icon-box-description\">\n\t\t\t\t\t\tKeine versteckten Kosten, vorhersehbare und transparente Preise.\t\t\t\t\t<\/p>\n\t\t\t\t\n\t\t\t<\/div>\n\t\t\t\n\t\t<\/div>\n\t\t\t\t\t\t<\/div>\n\t\t\t\t<\/div>\n\t\t<div class=\"elementor-element elementor-element-36fbe96 e-con-full e-flex e-con e-child\" data-id=\"36fbe96\" data-element_type=\"container\" data-e-type=\"container\">\n\t\t\t\t<div class=\"elementor-element elementor-element-e135b51 elementor-view-default elementor-position-block-start elementor-mobile-position-block-start elementor-widget elementor-widget-icon-box\" data-id=\"e135b51\" data-element_type=\"widget\" data-e-type=\"widget\" data-widget_type=\"icon-box.default\">\n\t\t\t\t\t\t\t<div class=\"elementor-icon-box-wrapper\">\n\n\t\t\t\t\t\t<div class=\"elementor-icon-box-icon\">\n\t\t\t\t<span  class=\"elementor-icon\">\n\t\t\t\t<svg aria-hidden=\"true\" class=\"e-font-icon-svg e-fas-star\" viewBox=\"0 0 576 512\" xmlns=\"http:\/\/www.w3.org\/2000\/svg\"><path d=\"M259.3 17.8L194 150.2 47.9 171.5c-26.2 3.8-36.7 36.1-17.7 54.6l105.7 103-25 145.5c-4.5 26.3 23.2 46 46.4 33.7L288 439.6l130.7 68.7c23.2 12.2 50.9-7.4 46.4-33.7l-25-145.5 105.7-103c19-18.5 8.5-50.8-17.7-54.6L382 150.2 316.7 17.8c-11.7-23.6-45.6-23.9-57.4 0z\"><\/path><\/svg>\t\t\t\t<\/span>\n\t\t\t<\/div>\n\t\t\t\n\t\t\t\t\t\t<div class=\"elementor-icon-box-content\">\n\n\t\t\t\t\t\t\t\t\t<h3 class=\"elementor-icon-box-title\">\n\t\t\t\t\t\t<span  >\n\t\t\t\t\t\t\tHervorragende Kundenrezensionen\t\t\t\t\t\t<\/span>\n\t\t\t\t\t<\/h3>\n\t\t\t\t\n\t\t\t\t\t\t\t\t\t<p class=\"elementor-icon-box-description\">\n\t\t\t\t\t\tPositive Bewertungen heben die Schnelligkeit, die Transparenz und den freundlichen Service hervor.\t\t\t\t\t<\/p>\n\t\t\t\t\n\t\t\t<\/div>\n\t\t\t\n\t\t<\/div>\n\t\t\t\t\t\t<\/div>\n\t\t\t\t<\/div>\n\t\t<div class=\"elementor-element elementor-element-7500ff4 e-con-full e-flex e-con e-child\" data-id=\"7500ff4\" data-element_type=\"container\" data-e-type=\"container\">\n\t\t\t\t<div class=\"elementor-element elementor-element-9fdcb81 elementor-view-default elementor-position-block-start elementor-mobile-position-block-start elementor-widget elementor-widget-icon-box\" data-id=\"9fdcb81\" data-element_type=\"widget\" data-e-type=\"widget\" data-widget_type=\"icon-box.default\">\n\t\t\t\t\t\t\t<div class=\"elementor-icon-box-wrapper\">\n\n\t\t\t\t\t\t<div class=\"elementor-icon-box-icon\">\n\t\t\t\t<span  class=\"elementor-icon\">\n\t\t\t\t\t\t\t\t<\/span>\n\t\t\t<\/div>\n\t\t\t\n\t\t\t\t\t\t<div class=\"elementor-icon-box-content\">\n\n\t\t\t\t\t\t\t\t\t<h3 class=\"elementor-icon-box-title\">\n\t\t\t\t\t\t<span  >\n\t\t\t\t\t\t\t24\/7 Kundenbetreuung\t\t\t\t\t\t<\/span>\n\t\t\t\t\t<\/h3>\n\t\t\t\t\n\t\t\t\t\t\t\t\t\t<p class=\"elementor-icon-box-description\">\n\t\t\t\t\t\tDer Kundendienst ist 24 Stunden am Tag erreichbar, egal ob Sie ein technisches Problem oder eine andere Frage haben.\t\t\t\t\t<\/p>\n\t\t\t\t\n\t\t\t<\/div>\n\t\t\t\n\t\t<\/div>\n\t\t\t\t\t\t<\/div>\n\t\t\t\t<\/div>\n\t\t<div class=\"elementor-element elementor-element-4036535 e-con-full e-flex e-con e-child\" data-id=\"4036535\" data-element_type=\"container\" data-e-type=\"container\">\n\t\t\t\t<div class=\"elementor-element elementor-element-f7ad277 elementor-view-default elementor-position-block-start elementor-mobile-position-block-start elementor-widget elementor-widget-icon-box\" data-id=\"f7ad277\" data-element_type=\"widget\" data-e-type=\"widget\" data-widget_type=\"icon-box.default\">\n\t\t\t\t\t\t\t<div class=\"elementor-icon-box-wrapper\">\n\n\t\t\t\t\t\t<div class=\"elementor-icon-box-icon\">\n\t\t\t\t<span  class=\"elementor-icon\">\n\t\t\t\t\t\t\t\t<\/span>\n\t\t\t<\/div>\n\t\t\t\n\t\t\t\t\t\t<div class=\"elementor-icon-box-content\">\n\n\t\t\t\t\t\t\t\t\t<h3 class=\"elementor-icon-box-title\">\n\t\t\t\t\t\t<span  >\n\t\t\t\t\t\t\tGro\u00dfe Auswahl an Fahrzeugen\t\t\t\t\t\t<\/span>\n\t\t\t\t\t<\/h3>\n\t\t\t\t\n\t\t\t\t\t\t\t\t\t<p class=\"elementor-icon-box-description\">\n\t\t\t\t\t\tDer Fuhrpark von Wiber bietet moderne und gut gewartete Fahrzeuge, die alle Ihre Anforderungen erf\u00fcllen.\t\t\t\t\t<\/p>\n\t\t\t\t\n\t\t\t<\/div>\n\t\t\t\n\t\t<\/div>\n\t\t\t\t\t\t<\/div>\n\t\t\t\t<\/div>\n\t\t<div class=\"elementor-element elementor-element-2c6cd2a e-con-full e-flex e-con e-child\" data-id=\"2c6cd2a\" data-element_type=\"container\" data-e-type=\"container\">\n\t\t\t\t<div class=\"elementor-element elementor-element-5d5fdb0 elementor-view-default elementor-position-block-start elementor-mobile-position-block-start elementor-widget elementor-widget-icon-box\" data-id=\"5d5fdb0\" data-element_type=\"widget\" data-e-type=\"widget\" data-widget_type=\"icon-box.default\">\n\t\t\t\t\t\t\t<div class=\"elementor-icon-box-wrapper\">\n\n\t\t\t\t\t\t<div class=\"elementor-icon-box-icon\">\n\t\t\t\t<span  class=\"elementor-icon\">\n\t\t\t\t<svg aria-hidden=\"true\" class=\"e-font-icon-svg e-fas-tablet-alt\" viewBox=\"0 0 448 512\" xmlns=\"http:\/\/www.w3.org\/2000\/svg\"><path d=\"M400 0H48C21.5 0 0 21.5 0 48v416c0 26.5 21.5 48 48 48h352c26.5 0 48-21.5 48-48V48c0-26.5-21.5-48-48-48zM224 480c-17.7 0-32-14.3-32-32s14.3-32 32-32 32 14.3 32 32-14.3 32-32 32zm176-108c0 6.6-5.4 12-12 12H60c-6.6 0-12-5.4-12-12V60c0-6.6 5.4-12 12-12h328c6.6 0 12 5.4 12 12v312z\"><\/path><\/svg>\t\t\t\t<\/span>\n\t\t\t<\/div>\n\t\t\t\n\t\t\t\t\t\t<div class=\"elementor-icon-box-content\">\n\n\t\t\t\t\t\t\t\t\t<h3 class=\"elementor-icon-box-title\">\n\t\t\t\t\t\t<span  >\n\t\t\t\t\t\t\tDigitale Innovation\t\t\t\t\t\t<\/span>\n\t\t\t\t\t<\/h3>\n\t\t\t\t\n\t\t\t\t\t\t\t\t\t<p class=\"elementor-icon-box-description\">\n\t\t\t\t\t\tDie Online-Buchung ist transparent und schnell, und die Kunden k\u00f6nnen sich auch f\u00fcr kontaktlose Transaktionen entscheiden.\t\t\t\t\t<\/p>\n\t\t\t\t\n\t\t\t<\/div>\n\t\t\t\n\t\t<\/div>\n\t\t\t\t\t\t<\/div>\n\t\t\t\t<\/div>\n\t\t\t\t\t<\/div>\n\t\t\t\t<\/div>\n\t\t<div class=\"elementor-element elementor-element-fd230d7 e-flex e-con-boxed e-con e-parent\" data-id=\"fd230d7\" data-element_type=\"container\" data-e-type=\"container\">\n\t\t\t\t\t<div class=\"e-con-inner\">\n\t\t<div class=\"elementor-element elementor-element-89fc20b e-con-full elementor-hidden-tablet elementor-hidden-mobile e-flex e-con e-child\" data-id=\"89fc20b\" data-element_type=\"container\" data-e-type=\"container\">\n\t\t\t\t<div class=\"elementor-element elementor-element-057d90e elementor-widget elementor-widget-image\" data-id=\"057d90e\" data-element_type=\"widget\" data-e-type=\"widget\" data-widget_type=\"image.default\">\n\t\t\t\t\t\t\t\t\t\t\t\t\t\t\t<img decoding=\"async\" width=\"240\" height=\"300\" src=\"https:\/\/car4youspain.com\/wp-content\/uploads\/2025\/06\/wiber1-240x300.jpg\" class=\"attachment-medium size-medium wp-image-15561\" alt=\"wiber car\" srcset=\"https:\/\/car4youspain.com\/wp-content\/uploads\/2025\/06\/wiber1-240x300.jpg 240w, https:\/\/car4youspain.com\/wp-content\/uploads\/2025\/06\/wiber1-864x1080.jpg 864w, https:\/\/car4youspain.com\/wp-content\/uploads\/2025\/06\/wiber1-768x960.jpg 768w, https:\/\/car4youspain.com\/wp-content\/uploads\/2025\/06\/wiber1.jpg 1080w\" sizes=\"(max-width: 240px) 100vw, 240px\" \/>\t\t\t\t\t\t\t\t\t\t\t\t\t\t\t<\/div>\n\t\t\t\t<\/div>\n\t\t<div class=\"elementor-element elementor-element-372c217 e-con-full e-flex e-con e-child\" data-id=\"372c217\" data-element_type=\"container\" data-e-type=\"container\">\n\t\t\t\t<div class=\"elementor-element elementor-element-594550d elementor-widget elementor-widget-image\" data-id=\"594550d\" data-element_type=\"widget\" data-e-type=\"widget\" data-widget_type=\"image.default\">\n\t\t\t\t\t\t\t\t\t\t\t\t\t\t\t\t<a href=\"https:\/\/car4youspain.com\/de\/wiber-rent-a-car-rabatt-code\/\">\n\t\t\t\t\t\t\t<img decoding=\"async\" width=\"800\" height=\"671\" src=\"https:\/\/car4youspain.com\/wp-content\/uploads\/2025\/06\/wiber-discount-code-30.jpg\" class=\"attachment-large size-large wp-image-15649\" alt=\"wiber discount code 30\" srcset=\"https:\/\/car4youspain.com\/wp-content\/uploads\/2025\/06\/wiber-discount-code-30.jpg 940w, https:\/\/car4youspain.com\/wp-content\/uploads\/2025\/06\/wiber-discount-code-30-300x251.jpg 300w, https:\/\/car4youspain.com\/wp-content\/uploads\/2025\/06\/wiber-discount-code-30-768x644.jpg 768w\" sizes=\"(max-width: 800px) 100vw, 800px\" \/>\t\t\t\t\t\t\t\t<\/a>\n\t\t\t\t\t\t\t\t\t\t\t\t\t\t\t<\/div>\n\t\t\t\t<\/div>\n\t\t<div class=\"elementor-element elementor-element-d31ca37 e-con-full elementor-hidden-tablet elementor-hidden-mobile e-flex e-con e-child\" data-id=\"d31ca37\" data-element_type=\"container\" data-e-type=\"container\">\n\t\t\t\t<div class=\"elementor-element elementor-element-b370d27 elementor-widget elementor-widget-image\" data-id=\"b370d27\" data-element_type=\"widget\" data-e-type=\"widget\" data-widget_type=\"image.default\">\n\t\t\t\t\t\t\t\t\t\t\t\t\t\t\t<img loading=\"lazy\" decoding=\"async\" width=\"240\" height=\"300\" src=\"https:\/\/car4youspain.com\/wp-content\/uploads\/2025\/06\/wiber2-240x300.jpg\" class=\"attachment-medium size-medium wp-image-15564\" alt=\"wiber\" srcset=\"https:\/\/car4youspain.com\/wp-content\/uploads\/2025\/06\/wiber2-240x300.jpg 240w, https:\/\/car4youspain.com\/wp-content\/uploads\/2025\/06\/wiber2-864x1080.jpg 864w, https:\/\/car4youspain.com\/wp-content\/uploads\/2025\/06\/wiber2-768x960.jpg 768w, https:\/\/car4youspain.com\/wp-content\/uploads\/2025\/06\/wiber2.jpg 1080w\" sizes=\"(max-width: 240px) 100vw, 240px\" \/>\t\t\t\t\t\t\t\t\t\t\t\t\t\t\t<\/div>\n\t\t\t\t<\/div>\n\t\t\t\t\t<\/div>\n\t\t\t\t<\/div>\n\t\t<div class=\"elementor-element elementor-element-17abf1f e-flex e-con-boxed e-con e-parent\" data-id=\"17abf1f\" data-element_type=\"container\" data-e-type=\"container\">\n\t\t\t\t\t<div class=\"e-con-inner\">\n\t\t\t\t<div class=\"elementor-element elementor-element-63cae23 elementor-widget elementor-widget-heading\" data-id=\"63cae23\" data-element_type=\"widget\" data-e-type=\"widget\" data-widget_type=\"heading.default\">\n\t\t\t\t\t<h3 class=\"elementor-heading-title elementor-size-default\">Das All-Inclusive-Paket: Frieden, Sicherheit, Freiheit\n<\/h3>\t\t\t\t<\/div>\n\t\t\t\t\t<\/div>\n\t\t\t\t<\/div>\n\t\t<div class=\"elementor-element elementor-element-383dc8e e-flex e-con-boxed e-con e-parent\" data-id=\"383dc8e\" data-element_type=\"container\" data-e-type=\"container\">\n\t\t\t\t\t<div class=\"e-con-inner\">\n\t\t\t\t<div class=\"elementor-element elementor-element-5689c48 elementor-widget elementor-widget-text-editor\" data-id=\"5689c48\" data-element_type=\"widget\" data-e-type=\"widget\" data-widget_type=\"text-editor.default\">\n\t\t\t\t\t\t\t\t\t<p data-pm-slice=\"1 3 []\">Das Wiber-All-Inclusive-Paket ist die beliebteste Option. Es ist f\u00fcr diejenigen gedacht, die ihren Urlaub in aller Ruhe und ohne Mietstress genie\u00dfen m\u00f6chten. Hier ist, was es beinhaltet:  <\/p><ul data-spread=\"false\"><li><p><b>Vollkaskoversicherung ohne Selbstbeteiligung<\/b>: Alle Sch\u00e4den sind ohne Aufpreis abgedeckt.<\/p><\/li><li><p><b>Keine Kaution erforderlich<\/b>: keine Kreditkarten-Sperre oder Kaution.<\/p><\/li><li><p><b>Einfache<\/b> <b>Anmietung mit einer Debitkarte<\/b>.<\/p><\/li><li><p><b>Unbegrenzte Kilometerzahl<\/b>: Erkunden Sie die Insel frei und ohne Einschr\u00e4nkungen.<\/p><\/li><li><p><b>Expresslinie<\/b>: schnellerer Service am Schalter.<\/p><\/li><li><p><b>Zugang zur Wikey Smart Box f\u00fcr die kontaktlose Abholung in wenigen Minuten.<\/b><\/p><\/li><li><p><b>24\/7 Pannenhilfe.<\/b><\/p><\/li><\/ul>\t\t\t\t\t\t\t\t<\/div>\n\t\t\t\t\t<\/div>\n\t\t\t\t<\/div>\n\t\t<div class=\"elementor-element elementor-element-532c50a e-flex e-con-boxed e-con e-parent\" data-id=\"532c50a\" data-element_type=\"container\" data-e-type=\"container\" data-settings=\"{&quot;background_background&quot;:&quot;classic&quot;}\">\n\t\t\t\t\t<div class=\"e-con-inner\">\n\t\t<div class=\"elementor-element elementor-element-bd5b145 e-con-full e-flex e-con e-child\" data-id=\"bd5b145\" data-element_type=\"container\" data-e-type=\"container\" data-settings=\"{&quot;background_background&quot;:&quot;classic&quot;}\">\n\t\t\t\t<div class=\"elementor-element elementor-element-5b99776 elementor-widget elementor-widget-image\" data-id=\"5b99776\" data-element_type=\"widget\" data-e-type=\"widget\" data-widget_type=\"image.default\">\n\t\t\t\t\t\t\t\t\t\t\t\t\t\t\t<img loading=\"lazy\" decoding=\"async\" width=\"150\" height=\"150\" src=\"https:\/\/car4youspain.com\/wp-content\/uploads\/2024\/07\/Nevtelen-terv-150x150.png\" class=\"attachment-thumbnail size-thumbnail wp-image-15646\" alt=\"wiber guarantee\" srcset=\"https:\/\/car4youspain.com\/wp-content\/uploads\/2024\/07\/Nevtelen-terv-150x150.png 150w, https:\/\/car4youspain.com\/wp-content\/uploads\/2024\/07\/elementor\/thumbs\/Nevtelen-terv-r7a5jms8zlv47xpr3paww5fqu5kdxdpgnhxbjnb0ry.png 75w, https:\/\/car4youspain.com\/wp-content\/uploads\/2024\/07\/elementor\/thumbs\/Nevtelen-terv-r7a5jms966okymxt9jfl7k9hzr74q56tj9m3guvls4.png 90w, https:\/\/car4youspain.com\/wp-content\/uploads\/2024\/07\/Nevtelen-terv.png 300w\" sizes=\"(max-width: 150px) 100vw, 150px\" \/>\t\t\t\t\t\t\t\t\t\t\t\t\t\t\t<\/div>\n\t\t\t\t<div class=\"elementor-element elementor-element-e95af81 elementor-widget elementor-widget-heading\" data-id=\"e95af81\" data-element_type=\"widget\" data-e-type=\"widget\" data-widget_type=\"heading.default\">\n\t\t\t\t\t<h3 class=\"elementor-heading-title elementor-size-default\">500\u20ac-Garantie von Car4YouSpain  <\/h3>\t\t\t\t<\/div>\n\t\t\t\t<div class=\"elementor-element elementor-element-a5a56e2 elementor-widget-divider--view-line elementor-widget elementor-widget-divider\" data-id=\"a5a56e2\" data-element_type=\"widget\" data-e-type=\"widget\" data-widget_type=\"divider.default\">\n\t\t\t\t\t\t\t<div class=\"elementor-divider\">\n\t\t\t<span class=\"elementor-divider-separator\">\n\t\t\t\t\t\t<\/span>\n\t\t<\/div>\n\t\t\t\t\t\t<\/div>\n\t\t\t\t<div class=\"elementor-element elementor-element-5b3a942 elementor-widget elementor-widget-text-editor\" data-id=\"5b3a942\" data-element_type=\"widget\" data-e-type=\"widget\" data-widget_type=\"text-editor.default\">\n\t\t\t\t\t\t\t\t\t<p data-start=\"305\" data-end=\"504\">Bei jeder Buchung mit dem <strong data-start=\"334\" data-end=\"346\">FIESTA10-Rabattcode<\/strong> sparen Sie nicht nur, sondern sind auch durch unsere <strong data-start=\"416\" data-end=\"447\">Car4YouSpain-Garantie in H\u00f6he von 500 \u20ac<\/strong> gesch\u00fctzt.<br data-start=\"448\" data-end=\"451\">Wir empfehlen nicht nur &#8211; <strong data-start=\"477\" data-end=\"503\">wir \u00fcbernehmen auch Verantwortung<\/strong>.<\/p><p data-start=\"506\" data-end=\"725\">Wenn Sie in einen Rechtsstreit mit dem Vermieter geraten und <strong data-start=\"570\" data-end=\"607\">ungerechtfertigte oder unerwartete Geb\u00fchren zahlen<\/strong> m\u00fcssen, \u00fcbernehmen wir die Kosten &#8211; <strong data-start=\"632\" data-end=\"646\">bis zu 500 \u20ac<\/strong>, die innerhalb von <strong data-start=\"664\" data-end=\"683\">7 Werktagen<\/strong> erstattet werden, sobald Ihr Fall gepr\u00fcft und genehmigt wurde.<\/p>\t\t\t\t\t\t\t\t<\/div>\n\t\t\t\t<div class=\"elementor-element elementor-element-3d899d8 elementor-align-center elementor-mobile-align-justify elementor-widget elementor-widget-button\" data-id=\"3d899d8\" data-element_type=\"widget\" data-e-type=\"widget\" data-widget_type=\"button.default\">\n\t\t\t\t\t\t\t\t\t\t<a class=\"elementor-button elementor-button-link elementor-size-sm elementor-animation-float\" href=\"https:\/\/car4youspain.com\/de\/car4youspain-e500-garantie\/\">\n\t\t\t\t\t\t<span class=\"elementor-button-content-wrapper\">\n\t\t\t\t\t\t\t\t\t<span class=\"elementor-button-text\">Garantiebedingungen anzeigen<\/span>\n\t\t\t\t\t<\/span>\n\t\t\t\t\t<\/a>\n\t\t\t\t\t\t\t\t<\/div>\n\t\t\t\t<\/div>\n\t\t\t\t\t<\/div>\n\t\t\t\t<\/div>\n\t\t<div class=\"elementor-element elementor-element-fc0d4fb e-flex e-con-boxed e-con e-parent\" data-id=\"fc0d4fb\" data-element_type=\"container\" data-e-type=\"container\">\n\t\t\t\t\t<div class=\"e-con-inner\">\n\t\t\t\t<div class=\"elementor-element elementor-element-475b854 elementor-widget elementor-widget-heading\" data-id=\"475b854\" data-element_type=\"widget\" data-e-type=\"widget\" data-widget_type=\"heading.default\">\n\t\t\t\t\t<h2 class=\"elementor-heading-title elementor-size-default\">Was deckt die All-Inclusive-Versicherung (Top Cover)?<\/h2>\t\t\t\t<\/div>\n\t\t\t\t\t<\/div>\n\t\t\t\t<\/div>\n\t\t<div class=\"elementor-element elementor-element-87b73f0 e-flex e-con-boxed e-con e-parent\" data-id=\"87b73f0\" data-element_type=\"container\" data-e-type=\"container\">\n\t\t\t\t\t<div class=\"e-con-inner\">\n\t\t<div class=\"elementor-element elementor-element-82f4712 e-con-full e-flex e-con e-child\" data-id=\"82f4712\" data-element_type=\"container\" data-e-type=\"container\">\n\t\t\t\t<div class=\"elementor-element elementor-element-a455bf4 elementor-widget elementor-widget-text-editor\" data-id=\"a455bf4\" data-element_type=\"widget\" data-e-type=\"widget\" data-widget_type=\"text-editor.default\">\n\t\t\t\t\t\t\t\t\t<ul><li><strong>Kollisionssch\u00e4den<\/strong>: Vollst\u00e4ndiger Schutz gegen Fahrzeugsch\u00e4den.<\/li><\/ul><p> <\/p><ul><li><strong>Personensch\u00e4den<\/strong>: Hilfe bei einem Unfall.<\/li><\/ul><p> <\/p><ul><li><strong>Fahrzeugdiebstahl<\/strong>: Versicherungsschutz bei Autodiebstahl.<\/li><\/ul><p> <\/p><ul><li><strong>Sch\u00e4den an Reifen, Spiegeln und Windschutzscheibe<\/strong>: In der Versicherung enthalten.<\/li><\/ul><p> <\/p><ul><li><strong>Besch\u00e4digung des Fahrgestells<\/strong>: Ebenfalls abgedeckt.<\/li><\/ul><p> <\/p><ul><li><strong>Verlorene Schl\u00fcssel<\/strong>: Ist durch die Police gedeckt.<\/li><\/ul><p> <\/p><ul><li><strong>Falsche Betankung<\/strong>: Gedeckt, wenn Sie falsch tanken.<\/li><li style=\"list-style-type: none;\"> <\/li><\/ul>\t\t\t\t\t\t\t\t<\/div>\n\t\t\t\t<\/div>\n\t\t<div class=\"elementor-element elementor-element-f9b687b e-con-full e-flex e-con e-child\" data-id=\"f9b687b\" data-element_type=\"container\" data-e-type=\"container\">\n\t\t\t\t<div class=\"elementor-element elementor-element-e68be37 elementor-widget elementor-widget-image\" data-id=\"e68be37\" data-element_type=\"widget\" data-e-type=\"widget\" data-widget_type=\"image.default\">\n\t\t\t\t\t\t\t\t\t\t\t\t\t\t\t<img loading=\"lazy\" decoding=\"async\" width=\"600\" height=\"400\" src=\"https:\/\/car4youspain.com\/wp-content\/uploads\/2025\/05\/Nevtelen-terv-14.png\" class=\"attachment-large size-large wp-image-15483\" alt=\"wiber rent a car mallorca\" srcset=\"https:\/\/car4youspain.com\/wp-content\/uploads\/2025\/05\/Nevtelen-terv-14.png 600w, https:\/\/car4youspain.com\/wp-content\/uploads\/2025\/05\/Nevtelen-terv-14-300x200.png 300w\" sizes=\"(max-width: 600px) 100vw, 600px\" \/>\t\t\t\t\t\t\t\t\t\t\t\t\t\t\t<\/div>\n\t\t\t\t<\/div>\n\t\t\t\t\t<\/div>\n\t\t\t\t<\/div>\n\t\t<div class=\"elementor-element elementor-element-43b4ac6 e-flex e-con-boxed e-con e-parent\" data-id=\"43b4ac6\" data-element_type=\"container\" data-e-type=\"container\">\n\t\t\t\t\t<div class=\"e-con-inner\">\n\t\t\t\t<div class=\"elementor-element elementor-element-995979d elementor-widget elementor-widget-heading\" data-id=\"995979d\" data-element_type=\"widget\" data-e-type=\"widget\" data-widget_type=\"heading.default\">\n\t\t\t\t\t<h2 class=\"elementor-heading-title elementor-size-default\">Wo ist Wiber Rent a Car verf\u00fcgbar?\n<\/h2>\t\t\t\t<\/div>\n\t\t\t\t\t<\/div>\n\t\t\t\t<\/div>\n\t\t<div class=\"elementor-element elementor-element-c7cb5d3 e-flex e-con-boxed e-con e-parent\" data-id=\"c7cb5d3\" data-element_type=\"container\" data-e-type=\"container\">\n\t\t\t\t\t<div class=\"e-con-inner\">\n\t\t<div class=\"elementor-element elementor-element-8f43044 e-con-full e-flex e-con e-child\" data-id=\"8f43044\" data-element_type=\"container\" data-e-type=\"container\">\n\t\t\t\t<\/div>\n\t\t<div class=\"elementor-element elementor-element-3f180ae e-con-full e-flex e-con e-child\" data-id=\"3f180ae\" data-element_type=\"container\" data-e-type=\"container\">\n\t\t\t\t<div class=\"elementor-element elementor-element-bb645a1 elementor-align-start elementor-widget-mobile__width-initial elementor-icon-list--layout-traditional elementor-list-item-link-full_width elementor-widget elementor-widget-icon-list\" data-id=\"bb645a1\" data-element_type=\"widget\" data-e-type=\"widget\" data-widget_type=\"icon-list.default\">\n\t\t\t\t\t\t\t<ul class=\"elementor-icon-list-items\">\n\t\t\t\t\t\t\t<li class=\"elementor-icon-list-item\">\n\t\t\t\t\t\t\t\t\t\t\t<span class=\"elementor-icon-list-icon\">\n\t\t\t\t\t\t\t<svg aria-hidden=\"true\" class=\"e-font-icon-svg e-fas-map-pin\" viewBox=\"0 0 288 512\" xmlns=\"http:\/\/www.w3.org\/2000\/svg\"><path d=\"M112 316.94v156.69l22.02 33.02c4.75 7.12 15.22 7.12 19.97 0L176 473.63V316.94c-10.39 1.92-21.06 3.06-32 3.06s-21.61-1.14-32-3.06zM144 0C64.47 0 0 64.47 0 144s64.47 144 144 144 144-64.47 144-144S223.53 0 144 0zm0 76c-37.5 0-68 30.5-68 68 0 6.62-5.38 12-12 12s-12-5.38-12-12c0-50.73 41.28-92 92-92 6.62 0 12 5.38 12 12s-5.38 12-12 12z\"><\/path><\/svg>\t\t\t\t\t\t<\/span>\n\t\t\t\t\t\t\t\t\t\t<span class=\"elementor-icon-list-text\">Alicante Flughafen<\/span>\n\t\t\t\t\t\t\t\t\t<\/li>\n\t\t\t\t\t\t\t\t<li class=\"elementor-icon-list-item\">\n\t\t\t\t\t\t\t\t\t\t\t<span class=\"elementor-icon-list-icon\">\n\t\t\t\t\t\t\t<svg aria-hidden=\"true\" class=\"e-font-icon-svg e-fas-map-pin\" viewBox=\"0 0 288 512\" xmlns=\"http:\/\/www.w3.org\/2000\/svg\"><path d=\"M112 316.94v156.69l22.02 33.02c4.75 7.12 15.22 7.12 19.97 0L176 473.63V316.94c-10.39 1.92-21.06 3.06-32 3.06s-21.61-1.14-32-3.06zM144 0C64.47 0 0 64.47 0 144s64.47 144 144 144 144-64.47 144-144S223.53 0 144 0zm0 76c-37.5 0-68 30.5-68 68 0 6.62-5.38 12-12 12s-12-5.38-12-12c0-50.73 41.28-92 92-92 6.62 0 12 5.38 12 12s-5.38 12-12 12z\"><\/path><\/svg>\t\t\t\t\t\t<\/span>\n\t\t\t\t\t\t\t\t\t\t<span class=\"elementor-icon-list-text\">Malaga Flughafen<\/span>\n\t\t\t\t\t\t\t\t\t<\/li>\n\t\t\t\t\t\t\t\t<li class=\"elementor-icon-list-item\">\n\t\t\t\t\t\t\t\t\t\t\t<span class=\"elementor-icon-list-icon\">\n\t\t\t\t\t\t\t<svg aria-hidden=\"true\" class=\"e-font-icon-svg e-fas-map-pin\" viewBox=\"0 0 288 512\" xmlns=\"http:\/\/www.w3.org\/2000\/svg\"><path d=\"M112 316.94v156.69l22.02 33.02c4.75 7.12 15.22 7.12 19.97 0L176 473.63V316.94c-10.39 1.92-21.06 3.06-32 3.06s-21.61-1.14-32-3.06zM144 0C64.47 0 0 64.47 0 144s64.47 144 144 144 144-64.47 144-144S223.53 0 144 0zm0 76c-37.5 0-68 30.5-68 68 0 6.62-5.38 12-12 12s-12-5.38-12-12c0-50.73 41.28-92 92-92 6.62 0 12 5.38 12 12s-5.38 12-12 12z\"><\/path><\/svg>\t\t\t\t\t\t<\/span>\n\t\t\t\t\t\t\t\t\t\t<span class=\"elementor-icon-list-text\">Sevilla flughafen<\/span>\n\t\t\t\t\t\t\t\t\t<\/li>\n\t\t\t\t\t\t\t\t<li class=\"elementor-icon-list-item\">\n\t\t\t\t\t\t\t\t\t\t\t<span class=\"elementor-icon-list-icon\">\n\t\t\t\t\t\t\t<svg aria-hidden=\"true\" class=\"e-font-icon-svg e-fas-map-pin\" viewBox=\"0 0 288 512\" xmlns=\"http:\/\/www.w3.org\/2000\/svg\"><path d=\"M112 316.94v156.69l22.02 33.02c4.75 7.12 15.22 7.12 19.97 0L176 473.63V316.94c-10.39 1.92-21.06 3.06-32 3.06s-21.61-1.14-32-3.06zM144 0C64.47 0 0 64.47 0 144s64.47 144 144 144 144-64.47 144-144S223.53 0 144 0zm0 76c-37.5 0-68 30.5-68 68 0 6.62-5.38 12-12 12s-12-5.38-12-12c0-50.73 41.28-92 92-92 6.62 0 12 5.38 12 12s-5.38 12-12 12z\"><\/path><\/svg>\t\t\t\t\t\t<\/span>\n\t\t\t\t\t\t\t\t\t\t<span class=\"elementor-icon-list-text\">Bahnhof von Sevilla<\/span>\n\t\t\t\t\t\t\t\t\t<\/li>\n\t\t\t\t\t\t<\/ul>\n\t\t\t\t\t\t<\/div>\n\t\t\t\t<\/div>\n\t\t<div class=\"elementor-element elementor-element-d75f18a e-con-full e-flex e-con e-child\" data-id=\"d75f18a\" data-element_type=\"container\" data-e-type=\"container\">\n\t\t\t\t<div class=\"elementor-element elementor-element-caff774 elementor-align-start elementor-icon-list--layout-traditional elementor-list-item-link-full_width elementor-widget elementor-widget-icon-list\" data-id=\"caff774\" data-element_type=\"widget\" data-e-type=\"widget\" data-widget_type=\"icon-list.default\">\n\t\t\t\t\t\t\t<ul class=\"elementor-icon-list-items\">\n\t\t\t\t\t\t\t<li class=\"elementor-icon-list-item\">\n\t\t\t\t\t\t\t\t\t\t\t<span class=\"elementor-icon-list-icon\">\n\t\t\t\t\t\t\t<svg aria-hidden=\"true\" class=\"e-font-icon-svg e-fas-map-pin\" viewBox=\"0 0 288 512\" xmlns=\"http:\/\/www.w3.org\/2000\/svg\"><path d=\"M112 316.94v156.69l22.02 33.02c4.75 7.12 15.22 7.12 19.97 0L176 473.63V316.94c-10.39 1.92-21.06 3.06-32 3.06s-21.61-1.14-32-3.06zM144 0C64.47 0 0 64.47 0 144s64.47 144 144 144 144-64.47 144-144S223.53 0 144 0zm0 76c-37.5 0-68 30.5-68 68 0 6.62-5.38 12-12 12s-12-5.38-12-12c0-50.73 41.28-92 92-92 6.62 0 12 5.38 12 12s-5.38 12-12 12z\"><\/path><\/svg>\t\t\t\t\t\t<\/span>\n\t\t\t\t\t\t\t\t\t\t<span class=\"elementor-icon-list-text\">Ibiza Flughafen<\/span>\n\t\t\t\t\t\t\t\t\t<\/li>\n\t\t\t\t\t\t\t\t<li class=\"elementor-icon-list-item\">\n\t\t\t\t\t\t\t\t\t\t\t<span class=\"elementor-icon-list-icon\">\n\t\t\t\t\t\t\t<svg aria-hidden=\"true\" class=\"e-font-icon-svg e-fas-map-pin\" viewBox=\"0 0 288 512\" xmlns=\"http:\/\/www.w3.org\/2000\/svg\"><path d=\"M112 316.94v156.69l22.02 33.02c4.75 7.12 15.22 7.12 19.97 0L176 473.63V316.94c-10.39 1.92-21.06 3.06-32 3.06s-21.61-1.14-32-3.06zM144 0C64.47 0 0 64.47 0 144s64.47 144 144 144 144-64.47 144-144S223.53 0 144 0zm0 76c-37.5 0-68 30.5-68 68 0 6.62-5.38 12-12 12s-12-5.38-12-12c0-50.73 41.28-92 92-92 6.62 0 12 5.38 12 12s-5.38 12-12 12z\"><\/path><\/svg>\t\t\t\t\t\t<\/span>\n\t\t\t\t\t\t\t\t\t\t<span class=\"elementor-icon-list-text\">Mallorca Flughafen<\/span>\n\t\t\t\t\t\t\t\t\t<\/li>\n\t\t\t\t\t\t\t\t<li class=\"elementor-icon-list-item\">\n\t\t\t\t\t\t\t\t\t\t\t<span class=\"elementor-icon-list-icon\">\n\t\t\t\t\t\t\t<svg aria-hidden=\"true\" class=\"e-font-icon-svg e-fas-map-pin\" viewBox=\"0 0 288 512\" xmlns=\"http:\/\/www.w3.org\/2000\/svg\"><path d=\"M112 316.94v156.69l22.02 33.02c4.75 7.12 15.22 7.12 19.97 0L176 473.63V316.94c-10.39 1.92-21.06 3.06-32 3.06s-21.61-1.14-32-3.06zM144 0C64.47 0 0 64.47 0 144s64.47 144 144 144 144-64.47 144-144S223.53 0 144 0zm0 76c-37.5 0-68 30.5-68 68 0 6.62-5.38 12-12 12s-12-5.38-12-12c0-50.73 41.28-92 92-92 6.62 0 12 5.38 12 12s-5.38 12-12 12z\"><\/path><\/svg>\t\t\t\t\t\t<\/span>\n\t\t\t\t\t\t\t\t\t\t<span class=\"elementor-icon-list-text\">Flughafen Valencia<\/span>\n\t\t\t\t\t\t\t\t\t<\/li>\n\t\t\t\t\t\t<\/ul>\n\t\t\t\t\t\t<\/div>\n\t\t\t\t<\/div>\n\t\t<div class=\"elementor-element elementor-element-08fb842 e-con-full e-flex e-con e-child\" data-id=\"08fb842\" data-element_type=\"container\" data-e-type=\"container\">\n\t\t\t\t<\/div>\n\t\t\t\t\t<\/div>\n\t\t\t\t<\/div>\n\t\t<div class=\"elementor-element elementor-element-d95a880 e-flex e-con-boxed e-con e-parent\" data-id=\"d95a880\" data-element_type=\"container\" data-e-type=\"container\">\n\t\t\t\t\t<div class=\"e-con-inner\">\n\t\t\t\t<div class=\"elementor-element elementor-element-4725f5b elementor-widget elementor-widget-heading\" data-id=\"4725f5b\" data-element_type=\"widget\" data-e-type=\"widget\" data-widget_type=\"heading.default\">\n\t\t\t\t\t<h2 class=\"elementor-heading-title elementor-size-default\">Erfahren Sie alles \u00fcber Abholung und R\u00fcckgabe - w\u00e4hlen Sie ein Ziel<\/h2>\t\t\t\t<\/div>\n\t\t\t\t\t<\/div>\n\t\t\t\t<\/div>\n\t\t<div class=\"elementor-element elementor-element-5f5f218 e-grid e-con-boxed e-con e-parent\" data-id=\"5f5f218\" data-element_type=\"container\" data-e-type=\"container\" data-settings=\"{&quot;background_background&quot;:&quot;classic&quot;}\">\n\t\t\t\t\t<div class=\"e-con-inner\">\n\t\t<div class=\"elementor-element elementor-element-9c423e3 e-flex e-con-boxed e-con e-child\" data-id=\"9c423e3\" data-element_type=\"container\" data-e-type=\"container\" data-settings=\"{&quot;background_background&quot;:&quot;classic&quot;}\">\n\t\t\t\t\t<div class=\"e-con-inner\">\n\t\t\t\t<div class=\"elementor-element elementor-element-0c08799 elementor-widget elementor-widget-heading\" data-id=\"0c08799\" data-element_type=\"widget\" data-e-type=\"widget\" data-widget_type=\"heading.default\">\n\t\t\t\t\t<h3 class=\"elementor-heading-title elementor-size-default\">Alicante<\/h3>\t\t\t\t<\/div>\n\t\t\t\t<div class=\"elementor-element elementor-element-d12b497 elementor-align-center elementor-mobile-align-justify elementor-widget elementor-widget-button\" data-id=\"d12b497\" data-element_type=\"widget\" data-e-type=\"widget\" data-widget_type=\"button.default\">\n\t\t\t\t\t\t\t\t\t\t<a class=\"elementor-button elementor-button-link elementor-size-sm elementor-animation-grow\" href=\"https:\/\/car4youspain.com\/de\/wiber-rent-a-car-alicante-flughafen\/\">\n\t\t\t\t\t\t<span class=\"elementor-button-content-wrapper\">\n\t\t\t\t\t\t\t\t\t<span class=\"elementor-button-text\">Besuchen Sie<\/span>\n\t\t\t\t\t<\/span>\n\t\t\t\t\t<\/a>\n\t\t\t\t\t\t\t\t<\/div>\n\t\t\t\t\t<\/div>\n\t\t\t\t<\/div>\n\t\t<div class=\"elementor-element elementor-element-b9cf98f e-flex e-con-boxed e-con e-child\" data-id=\"b9cf98f\" data-element_type=\"container\" data-e-type=\"container\" data-settings=\"{&quot;background_background&quot;:&quot;classic&quot;}\">\n\t\t\t\t\t<div class=\"e-con-inner\">\n\t\t\t\t<div class=\"elementor-element elementor-element-82943fd elementor-widget elementor-widget-heading\" data-id=\"82943fd\" data-element_type=\"widget\" data-e-type=\"widget\" data-widget_type=\"heading.default\">\n\t\t\t\t\t<h3 class=\"elementor-heading-title elementor-size-default\">Ibiza<\/h3>\t\t\t\t<\/div>\n\t\t\t\t<div class=\"elementor-element elementor-element-db5c0bc elementor-align-center elementor-mobile-align-justify elementor-widget elementor-widget-button\" data-id=\"db5c0bc\" data-element_type=\"widget\" data-e-type=\"widget\" data-widget_type=\"button.default\">\n\t\t\t\t\t\t\t\t\t\t<a class=\"elementor-button elementor-button-link elementor-size-sm elementor-animation-grow\" href=\"https:\/\/car4youspain.com\/ibiza-car-rental\/\">\n\t\t\t\t\t\t<span class=\"elementor-button-content-wrapper\">\n\t\t\t\t\t\t\t\t\t<span class=\"elementor-button-text\">Besuchen Sie<\/span>\n\t\t\t\t\t<\/span>\n\t\t\t\t\t<\/a>\n\t\t\t\t\t\t\t\t<\/div>\n\t\t\t\t\t<\/div>\n\t\t\t\t<\/div>\n\t\t<div class=\"elementor-element elementor-element-f06c035 e-flex e-con-boxed e-con e-child\" data-id=\"f06c035\" data-element_type=\"container\" data-e-type=\"container\" data-settings=\"{&quot;background_background&quot;:&quot;classic&quot;}\">\n\t\t\t\t\t<div class=\"e-con-inner\">\n\t\t\t\t<div class=\"elementor-element elementor-element-1249ba7 elementor-widget elementor-widget-heading\" data-id=\"1249ba7\" data-element_type=\"widget\" data-e-type=\"widget\" data-widget_type=\"heading.default\">\n\t\t\t\t\t<h3 class=\"elementor-heading-title elementor-size-default\">Malaga<\/h3>\t\t\t\t<\/div>\n\t\t\t\t<div class=\"elementor-element elementor-element-cf23ce5 elementor-align-center elementor-mobile-align-justify elementor-widget elementor-widget-button\" data-id=\"cf23ce5\" data-element_type=\"widget\" data-e-type=\"widget\" data-widget_type=\"button.default\">\n\t\t\t\t\t\t\t\t\t\t<a class=\"elementor-button elementor-button-link elementor-size-sm elementor-animation-grow\" href=\"https:\/\/car4youspain.com\/malaga-car-rental\/\">\n\t\t\t\t\t\t<span class=\"elementor-button-content-wrapper\">\n\t\t\t\t\t\t\t\t\t<span class=\"elementor-button-text\">Besuchen Sie<\/span>\n\t\t\t\t\t<\/span>\n\t\t\t\t\t<\/a>\n\t\t\t\t\t\t\t\t<\/div>\n\t\t\t\t\t<\/div>\n\t\t\t\t<\/div>\n\t\t<div class=\"elementor-element elementor-element-3cbb29c e-flex e-con-boxed e-con e-child\" data-id=\"3cbb29c\" data-element_type=\"container\" data-e-type=\"container\" data-settings=\"{&quot;background_background&quot;:&quot;classic&quot;}\">\n\t\t\t\t\t<div class=\"e-con-inner\">\n\t\t\t\t<div class=\"elementor-element elementor-element-9b1818d elementor-widget elementor-widget-heading\" data-id=\"9b1818d\" data-element_type=\"widget\" data-e-type=\"widget\" data-widget_type=\"heading.default\">\n\t\t\t\t\t<h3 class=\"elementor-heading-title elementor-size-default\">Mallorca<\/h3>\t\t\t\t<\/div>\n\t\t\t\t<div class=\"elementor-element elementor-element-11f1ad6 elementor-align-center elementor-mobile-align-justify elementor-widget elementor-widget-button\" data-id=\"11f1ad6\" data-element_type=\"widget\" data-e-type=\"widget\" data-widget_type=\"button.default\">\n\t\t\t\t\t\t\t\t\t\t<a class=\"elementor-button elementor-button-link elementor-size-sm elementor-animation-grow\" href=\"https:\/\/car4youspain.com\/de\/wiber-mallorca\/\">\n\t\t\t\t\t\t<span class=\"elementor-button-content-wrapper\">\n\t\t\t\t\t\t\t\t\t<span class=\"elementor-button-text\">Besuchen Sie<\/span>\n\t\t\t\t\t<\/span>\n\t\t\t\t\t<\/a>\n\t\t\t\t\t\t\t\t<\/div>\n\t\t\t\t\t<\/div>\n\t\t\t\t<\/div>\n\t\t<div class=\"elementor-element elementor-element-1fffbf2 e-flex e-con-boxed e-con e-child\" data-id=\"1fffbf2\" data-element_type=\"container\" data-e-type=\"container\" data-settings=\"{&quot;background_background&quot;:&quot;classic&quot;}\">\n\t\t\t\t\t<div class=\"e-con-inner\">\n\t\t\t\t<div class=\"elementor-element elementor-element-a725b35 elementor-widget elementor-widget-heading\" data-id=\"a725b35\" data-element_type=\"widget\" data-e-type=\"widget\" data-widget_type=\"heading.default\">\n\t\t\t\t\t<h3 class=\"elementor-heading-title elementor-size-default\">Sevilla<\/h3>\t\t\t\t<\/div>\n\t\t\t\t<div class=\"elementor-element elementor-element-f975c08 elementor-align-center elementor-mobile-align-justify elementor-widget elementor-widget-button\" data-id=\"f975c08\" data-element_type=\"widget\" data-e-type=\"widget\" data-widget_type=\"button.default\">\n\t\t\t\t\t\t\t\t\t\t<a class=\"elementor-button elementor-button-link elementor-size-sm elementor-animation-grow\" href=\"https:\/\/car4youspain.com\/sevilla-car-rental\/\">\n\t\t\t\t\t\t<span class=\"elementor-button-content-wrapper\">\n\t\t\t\t\t\t\t\t\t<span class=\"elementor-button-text\">Besuchen Sie<\/span>\n\t\t\t\t\t<\/span>\n\t\t\t\t\t<\/a>\n\t\t\t\t\t\t\t\t<\/div>\n\t\t\t\t\t<\/div>\n\t\t\t\t<\/div>\n\t\t<div class=\"elementor-element elementor-element-8f40a3a e-flex e-con-boxed e-con e-child\" data-id=\"8f40a3a\" data-element_type=\"container\" data-e-type=\"container\" data-settings=\"{&quot;background_background&quot;:&quot;classic&quot;}\">\n\t\t\t\t\t<div class=\"e-con-inner\">\n\t\t\t\t<div class=\"elementor-element elementor-element-ad06e5b elementor-widget elementor-widget-heading\" data-id=\"ad06e5b\" data-element_type=\"widget\" data-e-type=\"widget\" data-widget_type=\"heading.default\">\n\t\t\t\t\t<h3 class=\"elementor-heading-title elementor-size-default\">Valencia<\/h3>\t\t\t\t<\/div>\n\t\t\t\t<div class=\"elementor-element elementor-element-173f8e6 elementor-align-center elementor-mobile-align-justify elementor-widget elementor-widget-button\" data-id=\"173f8e6\" data-element_type=\"widget\" data-e-type=\"widget\" data-widget_type=\"button.default\">\n\t\t\t\t\t\t\t\t\t\t<a class=\"elementor-button elementor-button-link elementor-size-sm elementor-animation-grow\" href=\"https:\/\/car4youspain.com\/valencia-car-rental\/\">\n\t\t\t\t\t\t<span class=\"elementor-button-content-wrapper\">\n\t\t\t\t\t\t\t\t\t<span class=\"elementor-button-text\">Besuchen Sie<\/span>\n\t\t\t\t\t<\/span>\n\t\t\t\t\t<\/a>\n\t\t\t\t\t\t\t\t<\/div>\n\t\t\t\t\t<\/div>\n\t\t\t\t<\/div>\n\t\t\t\t\t<\/div>\n\t\t\t\t<\/div>\n\t\t<div class=\"elementor-element elementor-element-b25e4a9 e-flex e-con-boxed e-con e-parent\" data-id=\"b25e4a9\" data-element_type=\"container\" data-e-type=\"container\">\n\t\t\t\t\t<div class=\"e-con-inner\">\n\t\t\t\t<div class=\"elementor-element elementor-element-22ef7af elementor-widget elementor-widget-heading\" data-id=\"22ef7af\" data-element_type=\"widget\" data-e-type=\"widget\" data-widget_type=\"heading.default\">\n\t\t\t\t\t<h2 class=\"elementor-heading-title elementor-size-default\">WiKey Smart Box - Schnellere Fahrzeugabholung ohne Schlangestehen\n<\/h2>\t\t\t\t<\/div>\n\t\t\t\t<div class=\"elementor-element elementor-element-4a613fb elementor-widget elementor-widget-text-editor\" data-id=\"4a613fb\" data-element_type=\"widget\" data-e-type=\"widget\" data-widget_type=\"text-editor.default\">\n\t\t\t\t\t\t\t\t\t<p><strong>Die WiKey Smart Box<\/strong> ist das innovative Schl\u00fcsselsammelsystem <strong>von Wiber Rent a Car<\/strong>, das eine schnelle und problemlose Autovermietung erm\u00f6glicht. Dieses System ist ausschlie\u00dflich f\u00fcr Kunden mit den Paketen <strong>All Inclusive oder Smart Car<\/strong> verf\u00fcgbar und kann nur w\u00e4hrend der <strong>\u00d6ffnungszeiten des Wiber-B\u00fcros<\/strong> genutzt werden <strong>.<\/strong> <\/p><p>Die Schl\u00fcssel werden am WiKey Smart Box-Automaten abgeholt, nachdem der Kunde <strong>den Online-Check-in abgeschlossen und die erforderlichen Dokumente hochgeladen hat.<\/strong> W\u00e4hrend des Vorgangs wird der Mietvertrag am Automaten digital unterzeichnet, woraufhin der Kunde die Autoschl\u00fcssel und die Parkplatznummer erh\u00e4lt.<\/p><p><strong>Bitte beachten Sie, dass die WiKey Smart Box nicht rund um die Uhr<\/strong> zug\u00e4nglich ist &#8211; sie ist nur w\u00e4hrend der B\u00fcrozeiten verf\u00fcgbar.<\/p><p>  Wie das funktioniert, k\u00f6nnen Sie <a href=\"https:\/\/car4youspain.com\/de\/wiber-rent-a-car-wikey-smart-box\/\">in diesem Beitrag<\/a> <strong>Schritt f\u00fcr Schritt<\/strong> nachlesen .<\/p>\t\t\t\t\t\t\t\t<\/div>\n\t\t\t\t\t<\/div>\n\t\t\t\t<\/div>\n\t\t<div class=\"elementor-element elementor-element-f5c3415 e-flex e-con-boxed e-con e-parent\" data-id=\"f5c3415\" data-element_type=\"container\" data-e-type=\"container\">\n\t\t\t\t\t<div class=\"e-con-inner\">\n\t\t<div class=\"elementor-element elementor-element-477ffd4 e-con-full elementor-hidden-tablet elementor-hidden-mobile e-flex e-con e-child\" data-id=\"477ffd4\" data-element_type=\"container\" data-e-type=\"container\">\n\t\t\t\t<div class=\"elementor-element elementor-element-f461d28 elementor-widget elementor-widget-image\" data-id=\"f461d28\" data-element_type=\"widget\" data-e-type=\"widget\" data-widget_type=\"image.default\">\n\t\t\t\t\t\t\t\t\t\t\t\t\t\t\t<img decoding=\"async\" src=\"https:\/\/car4youspain.com\/wp-content\/uploads\/elementor\/thumbs\/469916164_1758006925032164_4426210508995791269_n-r75nhlu1cfs74kzbte4pcf2e9qrlwxa56sr5mgiw28.jpg\" title=\"469916164_1758006925032164_4426210508995791269_n.jpg\" alt=\"469916164_1758006925032164_4426210508995791269_n.jpg\" loading=\"lazy\" \/>\t\t\t\t\t\t\t\t\t\t\t\t\t\t\t<\/div>\n\t\t\t\t<\/div>\n\t\t<div class=\"elementor-element elementor-element-0d53717 e-con-full elementor-hidden-tablet elementor-hidden-mobile e-flex e-con e-child\" data-id=\"0d53717\" data-element_type=\"container\" data-e-type=\"container\">\n\t\t\t\t<div class=\"elementor-element elementor-element-512c5b5 elementor-widget elementor-widget-image\" data-id=\"512c5b5\" data-element_type=\"widget\" data-e-type=\"widget\" data-widget_type=\"image.default\">\n\t\t\t\t\t\t\t\t\t\t\t\t\t\t\t<img decoding=\"async\" src=\"https:\/\/car4youspain.com\/wp-content\/uploads\/elementor\/thumbs\/487303457_1125990819540316_4114677047689164963_n-r75nhonjwxw23ev8cxcl1wcs1wdpk0lc76pm2aepjk.jpg\" title=\"wiber wikey 2\" alt=\"wiber wikey 2\" loading=\"lazy\" \/>\t\t\t\t\t\t\t\t\t\t\t\t\t\t\t<\/div>\n\t\t\t\t<\/div>\n\t\t<div class=\"elementor-element elementor-element-9fb40d8 e-con-full e-flex e-con e-child\" data-id=\"9fb40d8\" data-element_type=\"container\" data-e-type=\"container\">\n\t\t\t\t<div class=\"elementor-element elementor-element-9ef9d2a elementor-widget elementor-widget-image\" data-id=\"9ef9d2a\" data-element_type=\"widget\" data-e-type=\"widget\" data-widget_type=\"image.default\">\n\t\t\t\t\t\t\t\t\t\t\t\t\t\t\t<img decoding=\"async\" src=\"https:\/\/car4youspain.com\/wp-content\/uploads\/elementor\/thumbs\/483548376_1112182587587806_2907524823271460733_n-r75nhnppq3urrswliexyhelbgiiccbhlv224l0g3ps.jpg\" title=\"wiber wikey 3\" alt=\"wiber wikey 3\" loading=\"lazy\" \/>\t\t\t\t\t\t\t\t\t\t\t\t\t\t\t<\/div>\n\t\t\t\t<\/div>\n\t\t\t\t\t<\/div>\n\t\t\t\t<\/div>\n\t\t<div class=\"elementor-element elementor-element-1dd8995 e-flex e-con-boxed e-con e-parent\" data-id=\"1dd8995\" data-element_type=\"container\" data-e-type=\"container\">\n\t\t\t\t\t<div class=\"e-con-inner\">\n\t\t\t\t<div class=\"elementor-element elementor-element-c6a9274 elementor-widget elementor-widget-spacer\" data-id=\"c6a9274\" data-element_type=\"widget\" data-e-type=\"widget\" data-widget_type=\"spacer.default\">\n\t\t\t\t\t\t\t<div class=\"elementor-spacer\">\n\t\t\t<div class=\"elementor-spacer-inner\"><\/div>\n\t\t<\/div>\n\t\t\t\t\t\t<\/div>\n\t\t\t\t<div class=\"elementor-element elementor-element-2ee40fe elementor-widget elementor-widget-heading\" data-id=\"2ee40fe\" data-element_type=\"widget\" data-e-type=\"widget\" data-widget_type=\"heading.default\">\n\t\t\t\t\t<h2 class=\"elementor-heading-title elementor-size-default\">Wiber Rent a Car...<\/h2>\t\t\t\t<\/div>\n\t\t\t\t\t<\/div>\n\t\t\t\t<\/div>\n\t\t<div class=\"elementor-element elementor-element-426364f e-flex e-con-boxed e-con e-parent\" data-id=\"426364f\" data-element_type=\"container\" data-e-type=\"container\">\n\t\t\t\t\t<div class=\"e-con-inner\">\n\t\t\t\t<div class=\"elementor-element elementor-element-a1e1d1e elementor-widget elementor-widget-text-editor\" data-id=\"a1e1d1e\" data-element_type=\"widget\" data-e-type=\"widget\" data-widget_type=\"text-editor.default\">\n\t\t\t\t\t\t\t\t\t<p>ist nicht nur eine Autovermietung &#8211; es ist ein v\u00f6llig neuer Ansatz f\u00fcr die Autovermietung. Innovative digitale L\u00f6sungen, maximale Transparenz und ein starker Fokus auf Kundenzufriedenheit zeichnen das Unternehmen auf dem Markt aus. <\/p>\t\t\t\t\t\t\t\t<\/div>\n\t\t\t\t\t<\/div>\n\t\t\t\t<\/div>\n\t\t<div class=\"elementor-element elementor-element-2c2c278 e-flex e-con-boxed e-con e-parent\" data-id=\"2c2c278\" data-element_type=\"container\" data-e-type=\"container\">\n\t\t\t\t\t<div class=\"e-con-inner\">\n\t\t\t\t<div class=\"elementor-element elementor-element-6416c60 elementor-widget elementor-widget-text-editor\" data-id=\"6416c60\" data-element_type=\"widget\" data-e-type=\"widget\" data-widget_type=\"text-editor.default\">\n\t\t\t\t\t\t\t\t\t<p>Entdecken Sie Spanien stressfrei mit Wiber Rent a Car! Egal, ob es sich um einen Urlaub, eine Gesch\u00e4ftsreise oder einen spontanen Ausflug handelt, Wiber garantiert schnelle und bequeme L\u00f6sungen, um Ihre Reise unvergesslich zu machen. <strong>  Vergessen Sie nicht, Ihren Gutscheincode zu benutzen und genie\u00dfen Sie die Rabatte!<\/strong><\/p>\t\t\t\t\t\t\t\t<\/div>\n\t\t\t\t\t<\/div>\n\t\t\t\t<\/div>\n\t\t<div class=\"elementor-element elementor-element-89387e3 e-flex e-con-boxed e-con e-parent\" data-id=\"89387e3\" data-element_type=\"container\" data-e-type=\"container\">\n\t\t\t\t\t<div class=\"e-con-inner\">\n\t\t\t\t<div class=\"elementor-element elementor-element-3fc9a29 elementor-widget elementor-widget-heading\" data-id=\"3fc9a29\" data-element_type=\"widget\" data-e-type=\"widget\" data-widget_type=\"heading.default\">\n\t\t\t\t\t<h2 class=\"elementor-heading-title elementor-size-default\">H\u00e4ufig gestellte Fragen\n\n - Wiber Rent a Car<\/h2>\t\t\t\t<\/div>\n\t\t\t\t<div class=\"elementor-element elementor-element-25f3ff2 elementor-widget elementor-widget-n-accordion\" data-id=\"25f3ff2\" data-element_type=\"widget\" data-e-type=\"widget\" data-settings=\"{&quot;max_items_expended&quot;:&quot;multiple&quot;,&quot;default_state&quot;:&quot;expanded&quot;,&quot;n_accordion_animation_duration&quot;:{&quot;unit&quot;:&quot;ms&quot;,&quot;size&quot;:400,&quot;sizes&quot;:[]}}\" data-widget_type=\"nested-accordion.default\">\n\t\t\t\t\t\t\t<div class=\"e-n-accordion\" aria-label=\"Accordion. Open links with Enter or Space, close with Escape, and navigate with Arrow Keys\">\n\t\t\t\t\t\t<details id=\"e-n-accordion-item-3970\" class=\"e-n-accordion-item\" open>\n\t\t\t\t<summary class=\"e-n-accordion-item-title\" data-accordion-index=\"1\" tabindex=\"0\" aria-expanded=\"true\" aria-controls=\"e-n-accordion-item-3970\" >\n\t\t\t\t\t<span class='e-n-accordion-item-title-header'><div class=\"e-n-accordion-item-title-text\"> Was deckt die Vollversicherung von Wiber mit 0 \u20ac Selbstbeteiligung (All-Inclusive-Paket)? <\/div><\/span>\n\t\t\t\t\t\t\t<span class='e-n-accordion-item-title-icon'>\n\t\t\t<span class='e-opened' ><svg aria-hidden=\"true\" class=\"e-font-icon-svg e-fas-chevron-up\" viewBox=\"0 0 448 512\" xmlns=\"http:\/\/www.w3.org\/2000\/svg\"><path d=\"M240.971 130.524l194.343 194.343c9.373 9.373 9.373 24.569 0 33.941l-22.667 22.667c-9.357 9.357-24.522 9.375-33.901.04L224 227.495 69.255 381.516c-9.379 9.335-24.544 9.317-33.901-.04l-22.667-22.667c-9.373-9.373-9.373-24.569 0-33.941L207.03 130.525c9.372-9.373 24.568-9.373 33.941-.001z\"><\/path><\/svg><\/span>\n\t\t\t<span class='e-closed'><svg aria-hidden=\"true\" class=\"e-font-icon-svg e-fas-chevron-down\" viewBox=\"0 0 448 512\" xmlns=\"http:\/\/www.w3.org\/2000\/svg\"><path d=\"M207.029 381.476L12.686 187.132c-9.373-9.373-9.373-24.569 0-33.941l22.667-22.667c9.357-9.357 24.522-9.375 33.901-.04L224 284.505l154.745-154.021c9.379-9.335 24.544-9.317 33.901.04l22.667 22.667c9.373 9.373 9.373 24.569 0 33.941L240.971 381.476c-9.373 9.372-24.569 9.372-33.942 0z\"><\/path><\/svg><\/span>\n\t\t<\/span>\n\n\t\t\t\t\t\t<\/summary>\n\t\t\t\t<div role=\"region\" aria-labelledby=\"e-n-accordion-item-3970\" class=\"elementor-element elementor-element-1a94a40 e-flex e-con-boxed e-con e-child\" data-id=\"1a94a40\" data-element_type=\"container\" data-e-type=\"container\">\n\t\t\t\t\t<div class=\"e-con-inner\">\n\t\t\t\t<div class=\"elementor-element elementor-element-563c78d elementor-widget elementor-widget-text-editor\" data-id=\"563c78d\" data-element_type=\"widget\" data-e-type=\"widget\" data-widget_type=\"text-editor.default\">\n\t\t\t\t\t\t\t\t\t<p data-start=\"44\" data-end=\"137\"><strong data-start=\"44\" data-end=\"65\">Kollisionssch\u00e4den:<\/strong> Voller Versicherungsschutz f\u00fcr Sch\u00e4den, die bei einem Unfall am Fahrzeug entstehen.<\/p><p data-start=\"139\" data-end=\"230\"><strong data-start=\"139\" data-end=\"159\">Personensch\u00e4den:<\/strong> Hilfe bei Unf\u00e4llen mit Personensch\u00e4den.<\/p><p data-start=\"232\" data-end=\"300\"><strong data-start=\"232\" data-end=\"253\">Diebstahlschutz:<\/strong> Versicherungsschutz f\u00fcr den Fall, dass das Mietfahrzeug gestohlen wird.<\/p><p data-start=\"302\" data-end=\"415\"><strong data-start=\"302\" data-end=\"347\">Sch\u00e4den an Reifen, Spiegeln und Windschutzscheibe:<\/strong> Die Versicherung deckt auch Sch\u00e4den an Reifen, Spiegeln und der Windschutzscheibe ab.<\/p><p data-start=\"417\" data-end=\"502\"><strong data-start=\"417\" data-end=\"442\">Sch\u00e4den am Fahrgestell:<\/strong> Sch\u00e4den am Unterboden des Fahrzeugs sind ebenfalls versichert.<\/p><p data-start=\"504\" data-end=\"573\"><strong data-start=\"504\" data-end=\"517\">Verlorener Schl\u00fcssel:<\/strong> F\u00fcr den Fall, dass der Fahrzeugschl\u00fcssel verloren geht, ist ein Schutz enthalten.<\/p><p data-start=\"575\" data-end=\"677\"><strong data-start=\"575\" data-end=\"591\">Kraftstoffmissbrauch:<\/strong> Wenn versehentlich die falsche Kraftstoffsorte eingef\u00fcllt wird, kommt die Versicherung f\u00fcr den Schaden auf.<\/p><p data-start=\"679\" data-end=\"873\" data-is-last-node=\"\" data-is-only-node=\"\"><strong data-start=\"679\" data-end=\"698\">Wichtiger Hinweis:<\/strong><br data-start=\"698\" data-end=\"701\">Die Versicherung gilt w\u00e4hrend des Mietzeitraums, enth\u00e4lt jedoch Ausschl\u00fcsse, wie z. B. vors\u00e4tzliche Besch\u00e4digung oder unsachgem\u00e4\u00dfe Benutzung (z. B. Fahren unter Alkohol- oder Drogeneinfluss).<\/p>\t\t\t\t\t\t\t\t<\/div>\n\t\t\t\t<div class=\"elementor-element elementor-element-7894c77 elementor-widget elementor-widget-image\" data-id=\"7894c77\" data-element_type=\"widget\" data-e-type=\"widget\" data-widget_type=\"image.default\">\n\t\t\t\t\t\t\t\t\t\t\t\t\t\t\t<img loading=\"lazy\" decoding=\"async\" width=\"300\" height=\"200\" src=\"https:\/\/car4youspain.com\/wp-content\/uploads\/2025\/05\/Nevtelen-terv-14-300x200.png\" class=\"attachment-medium size-medium wp-image-15483\" alt=\"wiber rent a car mallorca\" srcset=\"https:\/\/car4youspain.com\/wp-content\/uploads\/2025\/05\/Nevtelen-terv-14-300x200.png 300w, https:\/\/car4youspain.com\/wp-content\/uploads\/2025\/05\/Nevtelen-terv-14.png 600w\" sizes=\"(max-width: 300px) 100vw, 300px\" \/>\t\t\t\t\t\t\t\t\t\t\t\t\t\t\t<\/div>\n\t\t\t\t\t<\/div>\n\t\t\t\t<\/div>\n\t\t\t\t\t<\/details>\n\t\t\t\t\t\t<details id=\"e-n-accordion-item-3971\" class=\"e-n-accordion-item\" >\n\t\t\t\t<summary class=\"e-n-accordion-item-title\" data-accordion-index=\"2\" tabindex=\"-1\" aria-expanded=\"false\" aria-controls=\"e-n-accordion-item-3971\" >\n\t\t\t\t\t<span class='e-n-accordion-item-title-header'><div class=\"e-n-accordion-item-title-text\"> Was ist das Mindestalter, um ein Auto bei Wiber Rent a Car zu mieten? <\/div><\/span>\n\t\t\t\t\t\t\t<span class='e-n-accordion-item-title-icon'>\n\t\t\t<span class='e-opened' ><svg aria-hidden=\"true\" class=\"e-font-icon-svg e-fas-chevron-up\" viewBox=\"0 0 448 512\" xmlns=\"http:\/\/www.w3.org\/2000\/svg\"><path d=\"M240.971 130.524l194.343 194.343c9.373 9.373 9.373 24.569 0 33.941l-22.667 22.667c-9.357 9.357-24.522 9.375-33.901.04L224 227.495 69.255 381.516c-9.379 9.335-24.544 9.317-33.901-.04l-22.667-22.667c-9.373-9.373-9.373-24.569 0-33.941L207.03 130.525c9.372-9.373 24.568-9.373 33.941-.001z\"><\/path><\/svg><\/span>\n\t\t\t<span class='e-closed'><svg aria-hidden=\"true\" class=\"e-font-icon-svg e-fas-chevron-down\" viewBox=\"0 0 448 512\" xmlns=\"http:\/\/www.w3.org\/2000\/svg\"><path d=\"M207.029 381.476L12.686 187.132c-9.373-9.373-9.373-24.569 0-33.941l22.667-22.667c9.357-9.357 24.522-9.375 33.901-.04L224 284.505l154.745-154.021c9.379-9.335 24.544-9.317 33.901.04l22.667 22.667c9.373 9.373 9.373 24.569 0 33.941L240.971 381.476c-9.373 9.372-24.569 9.372-33.942 0z\"><\/path><\/svg><\/span>\n\t\t<\/span>\n\n\t\t\t\t\t\t<\/summary>\n\t\t\t\t<div role=\"region\" aria-labelledby=\"e-n-accordion-item-3971\" class=\"elementor-element elementor-element-b8c499e e-con-full e-flex e-con e-child\" data-id=\"b8c499e\" data-element_type=\"container\" data-e-type=\"container\">\n\t\t\t\t<div class=\"elementor-element elementor-element-dbfe406 elementor-widget elementor-widget-text-editor\" data-id=\"dbfe406\" data-element_type=\"widget\" data-e-type=\"widget\" data-widget_type=\"text-editor.default\">\n\t\t\t\t\t\t\t\t\t<p data-start=\"42\" data-end=\"263\">Bei <strong data-start=\"45\" data-end=\"54\">Wiber<\/strong> betr\u00e4gt das Mindestalter f\u00fcr die Anmietung eines Fahrzeugs <strong data-start=\"89\" data-end=\"101\">21 Jahre<\/strong>, sofern der Fahrer seit mindestens <strong data-start=\"170\" data-end=\"180\">einem Jahr<\/strong> im Besitz eines g\u00fcltigen F\u00fchrerscheins ist. F\u00fcr bestimmte Fahrzeugkategorien (Gruppen <strong data-start=\"221\" data-end=\"234\">E5 und C7<\/strong>) <strong data-start=\"241\" data-end=\"262\">betr\u00e4gt<\/strong> das <strong data-start=\"241\" data-end=\"262\">Mindestalter 25 Jahre<\/strong>. <\/p><p data-start=\"70\" data-end=\"279\"> <\/p><p data-start=\"265\" data-end=\"382\" data-is-last-node=\"\" data-is-only-node=\"\">Fahrer im Alter von <strong data-start=\"278\" data-end=\"290\">21 bis 24<\/strong> Jahren m\u00fcssen einen <strong data-start=\"302\" data-end=\"342\">Zuschlag f\u00fcr junge Fahrer in H\u00f6he von 9 \u20ac pro Tag<\/strong> zahlen, bis zu einem H\u00f6chstbetrag von <strong data-start=\"363\" data-end=\"381\">90 \u20ac<\/strong><strong style=\"font-size: 1rem;\" data-start=\"363\" data-end=\"381\"> pro Anmietung<\/strong><span style=\"font-size: 1rem;\">.<\/span><\/p>\t\t\t\t\t\t\t\t<\/div>\n\t\t\t\t<\/div>\n\t\t\t\t\t<\/details>\n\t\t\t\t\t\t<details id=\"e-n-accordion-item-3972\" class=\"e-n-accordion-item\" >\n\t\t\t\t<summary class=\"e-n-accordion-item-title\" data-accordion-index=\"3\" tabindex=\"-1\" aria-expanded=\"false\" aria-controls=\"e-n-accordion-item-3972\" >\n\t\t\t\t\t<span class='e-n-accordion-item-title-header'><div class=\"e-n-accordion-item-title-text\"> Ist eine Kreditkarte erforderlich, um ein Auto zu mieten? <\/div><\/span>\n\t\t\t\t\t\t\t<span class='e-n-accordion-item-title-icon'>\n\t\t\t<span class='e-opened' ><svg aria-hidden=\"true\" class=\"e-font-icon-svg e-fas-chevron-up\" viewBox=\"0 0 448 512\" xmlns=\"http:\/\/www.w3.org\/2000\/svg\"><path d=\"M240.971 130.524l194.343 194.343c9.373 9.373 9.373 24.569 0 33.941l-22.667 22.667c-9.357 9.357-24.522 9.375-33.901.04L224 227.495 69.255 381.516c-9.379 9.335-24.544 9.317-33.901-.04l-22.667-22.667c-9.373-9.373-9.373-24.569 0-33.941L207.03 130.525c9.372-9.373 24.568-9.373 33.941-.001z\"><\/path><\/svg><\/span>\n\t\t\t<span class='e-closed'><svg aria-hidden=\"true\" class=\"e-font-icon-svg e-fas-chevron-down\" viewBox=\"0 0 448 512\" xmlns=\"http:\/\/www.w3.org\/2000\/svg\"><path d=\"M207.029 381.476L12.686 187.132c-9.373-9.373-9.373-24.569 0-33.941l22.667-22.667c9.357-9.357 24.522-9.375 33.901-.04L224 284.505l154.745-154.021c9.379-9.335 24.544-9.317 33.901.04l22.667 22.667c9.373 9.373 9.373 24.569 0 33.941L240.971 381.476c-9.373 9.372-24.569 9.372-33.942 0z\"><\/path><\/svg><\/span>\n\t\t<\/span>\n\n\t\t\t\t\t\t<\/summary>\n\t\t\t\t<div role=\"region\" aria-labelledby=\"e-n-accordion-item-3972\" class=\"elementor-element elementor-element-e6849f0 e-flex e-con-boxed e-con e-child\" data-id=\"e6849f0\" data-element_type=\"container\" data-e-type=\"container\">\n\t\t\t\t\t<div class=\"e-con-inner\">\n\t\t\t\t<div class=\"elementor-element elementor-element-191a0a4 elementor-widget elementor-widget-text-editor\" data-id=\"191a0a4\" data-element_type=\"widget\" data-e-type=\"widget\" data-widget_type=\"text-editor.default\">\n\t\t\t\t\t\t\t\t\t<article class=\"text-token-text-primary w-full\" dir=\"auto\" data-testid=\"conversation-turn-62\" data-scroll-anchor=\"true\"><div class=\"text-base my-auto mx-auto py-5 [--thread-content-margin:--spacing(4)] @[37rem]:[--thread-content-margin:--spacing(6)] @[72rem]:[--thread-content-margin:--spacing(16)] px-(--thread-content-margin)\"><div class=\"[--thread-content-max-width:32rem] @[34rem]:[--thread-content-max-width:40rem] @[64rem]:[--thread-content-max-width:48rem] mx-auto flex max-w-(--thread-content-max-width) flex-1 text-base gap-4 md:gap-5 lg:gap-6 group\/turn-messages focus-visible:outline-hidden\" tabindex=\"-1\"><div class=\"group\/conversation-turn relative flex w-full min-w-0 flex-col agent-turn\"><div class=\"relative flex-col gap-1 md:gap-3\"><div class=\"flex max-w-full flex-col grow\"><div class=\"min-h-8 text-message relative flex w-full flex-col items-end gap-2 text-start break-words whitespace-normal [.text-message+&amp;]:mt-5\" dir=\"auto\" data-message-author-role=\"assistant\" data-message-id=\"1f6455e0-e70b-4b3b-a1ec-72e65f68dbb6\" data-message-model-slug=\"gpt-4o\"><div class=\"flex w-full flex-col gap-1 empty:hidden first:pt-[3px]\"><div class=\"markdown prose dark:prose-invert w-full break-words dark\"><p data-start=\"34\" data-end=\"114\" data-is-last-node=\"\" data-is-only-node=\"\">Mit dem All-Inclusive-Paket ist keine Kreditkarte erforderlich, um ein Auto zu mieten.<\/p><\/div><\/div><\/div><\/div><\/div><div class=\"absolute\"><div class=\"flex items-center justify-center\"> <\/div><\/div><\/div><\/div><\/div><\/article><div class=\"pointer-events-none h-px w-px\" aria-hidden=\"true\" data-edge=\"true\"> <\/div>\t\t\t\t\t\t\t\t<\/div>\n\t\t\t\t\t<\/div>\n\t\t\t\t<\/div>\n\t\t\t\t\t<\/details>\n\t\t\t\t\t\t<details id=\"e-n-accordion-item-3973\" class=\"e-n-accordion-item\" >\n\t\t\t\t<summary class=\"e-n-accordion-item-title\" data-accordion-index=\"4\" tabindex=\"-1\" aria-expanded=\"false\" aria-controls=\"e-n-accordion-item-3973\" >\n\t\t\t\t\t<span class='e-n-accordion-item-title-header'><div class=\"e-n-accordion-item-title-text\"> Wann muss ich den Mietpreis bezahlen? <\/div><\/span>\n\t\t\t\t\t\t\t<span class='e-n-accordion-item-title-icon'>\n\t\t\t<span class='e-opened' ><svg aria-hidden=\"true\" class=\"e-font-icon-svg e-fas-chevron-up\" viewBox=\"0 0 448 512\" xmlns=\"http:\/\/www.w3.org\/2000\/svg\"><path d=\"M240.971 130.524l194.343 194.343c9.373 9.373 9.373 24.569 0 33.941l-22.667 22.667c-9.357 9.357-24.522 9.375-33.901.04L224 227.495 69.255 381.516c-9.379 9.335-24.544 9.317-33.901-.04l-22.667-22.667c-9.373-9.373-9.373-24.569 0-33.941L207.03 130.525c9.372-9.373 24.568-9.373 33.941-.001z\"><\/path><\/svg><\/span>\n\t\t\t<span class='e-closed'><svg aria-hidden=\"true\" class=\"e-font-icon-svg e-fas-chevron-down\" viewBox=\"0 0 448 512\" xmlns=\"http:\/\/www.w3.org\/2000\/svg\"><path d=\"M207.029 381.476L12.686 187.132c-9.373-9.373-9.373-24.569 0-33.941l22.667-22.667c9.357-9.357 24.522-9.375 33.901-.04L224 284.505l154.745-154.021c9.379-9.335 24.544-9.317 33.901.04l22.667 22.667c9.373 9.373 9.373 24.569 0 33.941L240.971 381.476c-9.373 9.372-24.569 9.372-33.942 0z\"><\/path><\/svg><\/span>\n\t\t<\/span>\n\n\t\t\t\t\t\t<\/summary>\n\t\t\t\t<div role=\"region\" aria-labelledby=\"e-n-accordion-item-3973\" class=\"elementor-element elementor-element-082bf5e e-flex e-con-boxed e-con e-child\" data-id=\"082bf5e\" data-element_type=\"container\" data-e-type=\"container\">\n\t\t\t\t\t<div class=\"e-con-inner\">\n\t\t\t\t<div class=\"elementor-element elementor-element-1e79921 elementor-widget elementor-widget-text-editor\" data-id=\"1e79921\" data-element_type=\"widget\" data-e-type=\"widget\" data-widget_type=\"text-editor.default\">\n\t\t\t\t\t\t\t\t\t<p data-start=\"0\" data-end=\"34\">Sie k\u00f6nnen online oder bei Abholung bezahlen.<\/p><p data-start=\"36\" data-end=\"138\" data-is-last-node=\"\" data-is-only-node=\"\">Zum Zeitpunkt der Zahlung ist eine g\u00fcltige Debit- oder Kreditkarte erforderlich (Revolut- und Wise-Karten werden akzeptiert).<\/p>\t\t\t\t\t\t\t\t<\/div>\n\t\t\t\t\t<\/div>\n\t\t\t\t<\/div>\n\t\t\t\t\t<\/details>\n\t\t\t\t\t\t<details id=\"e-n-accordion-item-3974\" class=\"e-n-accordion-item\" >\n\t\t\t\t<summary class=\"e-n-accordion-item-title\" data-accordion-index=\"5\" tabindex=\"-1\" aria-expanded=\"false\" aria-controls=\"e-n-accordion-item-3974\" >\n\t\t\t\t\t<span class='e-n-accordion-item-title-header'><div class=\"e-n-accordion-item-title-text\"> Wer darf das Mietfahrzeug fahren? <\/div><\/span>\n\t\t\t\t\t\t\t<span class='e-n-accordion-item-title-icon'>\n\t\t\t<span class='e-opened' ><svg aria-hidden=\"true\" class=\"e-font-icon-svg e-fas-chevron-up\" viewBox=\"0 0 448 512\" xmlns=\"http:\/\/www.w3.org\/2000\/svg\"><path d=\"M240.971 130.524l194.343 194.343c9.373 9.373 9.373 24.569 0 33.941l-22.667 22.667c-9.357 9.357-24.522 9.375-33.901.04L224 227.495 69.255 381.516c-9.379 9.335-24.544 9.317-33.901-.04l-22.667-22.667c-9.373-9.373-9.373-24.569 0-33.941L207.03 130.525c9.372-9.373 24.568-9.373 33.941-.001z\"><\/path><\/svg><\/span>\n\t\t\t<span class='e-closed'><svg aria-hidden=\"true\" class=\"e-font-icon-svg e-fas-chevron-down\" viewBox=\"0 0 448 512\" xmlns=\"http:\/\/www.w3.org\/2000\/svg\"><path d=\"M207.029 381.476L12.686 187.132c-9.373-9.373-9.373-24.569 0-33.941l22.667-22.667c9.357-9.357 24.522-9.375 33.901-.04L224 284.505l154.745-154.021c9.379-9.335 24.544-9.317 33.901.04l22.667 22.667c9.373 9.373 9.373 24.569 0 33.941L240.971 381.476c-9.373 9.372-24.569 9.372-33.942 0z\"><\/path><\/svg><\/span>\n\t\t<\/span>\n\n\t\t\t\t\t\t<\/summary>\n\t\t\t\t<div role=\"region\" aria-labelledby=\"e-n-accordion-item-3974\" class=\"elementor-element elementor-element-915a930 e-flex e-con-boxed e-con e-child\" data-id=\"915a930\" data-element_type=\"container\" data-e-type=\"container\">\n\t\t\t\t\t<div class=\"e-con-inner\">\n\t\t\t\t<div class=\"elementor-element elementor-element-3aa4e76 elementor-widget elementor-widget-text-editor\" data-id=\"3aa4e76\" data-element_type=\"widget\" data-e-type=\"widget\" data-widget_type=\"text-editor.default\">\n\t\t\t\t\t\t\t\t\t<p data-start=\"0\" data-end=\"110\">Gem\u00e4\u00df der Politik von Wiber d\u00fcrfen nur die im Mietvertrag aufgef\u00fchrten Personen das Fahrzeug fahren.<\/p><p data-start=\"112\" data-end=\"135\">Zus\u00e4tzliche Informationen:<\/p><p data-start=\"137\" data-end=\"283\" data-is-last-node=\"\" data-is-only-node=\"\">Es ist m\u00f6glich, zus\u00e4tzliche Fahrer anzumelden.<br data-start=\"178\" data-end=\"181\">Die Kosten f\u00fcr einen zus\u00e4tzlichen Fahrer betragen <strong data-start=\"218\" data-end=\"232\" data-is-only-node=\"\">9 \u20ac pro Tag<\/strong>, bis zu einem H\u00f6chstbetrag von <strong data-start=\"253\" data-end=\"282\">95 \u20ac pro Anmietung und Fahrer<\/strong>.<\/p>\t\t\t\t\t\t\t\t<\/div>\n\t\t\t\t\t<\/div>\n\t\t\t\t<\/div>\n\t\t\t\t\t<\/details>\n\t\t\t\t\t\t<details id=\"e-n-accordion-item-3975\" class=\"e-n-accordion-item\" >\n\t\t\t\t<summary class=\"e-n-accordion-item-title\" data-accordion-index=\"6\" tabindex=\"-1\" aria-expanded=\"false\" aria-controls=\"e-n-accordion-item-3975\" >\n\t\t\t\t\t<span class='e-n-accordion-item-title-header'><div class=\"e-n-accordion-item-title-text\"> Was passiert, wenn ein Schaden am Mietwagen entsteht? <\/div><\/span>\n\t\t\t\t\t\t\t<span class='e-n-accordion-item-title-icon'>\n\t\t\t<span class='e-opened' ><svg aria-hidden=\"true\" class=\"e-font-icon-svg e-fas-chevron-up\" viewBox=\"0 0 448 512\" xmlns=\"http:\/\/www.w3.org\/2000\/svg\"><path d=\"M240.971 130.524l194.343 194.343c9.373 9.373 9.373 24.569 0 33.941l-22.667 22.667c-9.357 9.357-24.522 9.375-33.901.04L224 227.495 69.255 381.516c-9.379 9.335-24.544 9.317-33.901-.04l-22.667-22.667c-9.373-9.373-9.373-24.569 0-33.941L207.03 130.525c9.372-9.373 24.568-9.373 33.941-.001z\"><\/path><\/svg><\/span>\n\t\t\t<span class='e-closed'><svg aria-hidden=\"true\" class=\"e-font-icon-svg e-fas-chevron-down\" viewBox=\"0 0 448 512\" xmlns=\"http:\/\/www.w3.org\/2000\/svg\"><path d=\"M207.029 381.476L12.686 187.132c-9.373-9.373-9.373-24.569 0-33.941l22.667-22.667c9.357-9.357 24.522-9.375 33.901-.04L224 284.505l154.745-154.021c9.379-9.335 24.544-9.317 33.901.04l22.667 22.667c9.373 9.373 9.373 24.569 0 33.941L240.971 381.476c-9.373 9.372-24.569 9.372-33.942 0z\"><\/path><\/svg><\/span>\n\t\t<\/span>\n\n\t\t\t\t\t\t<\/summary>\n\t\t\t\t<div role=\"region\" aria-labelledby=\"e-n-accordion-item-3975\" class=\"elementor-element elementor-element-8c68c64 e-flex e-con-boxed e-con e-child\" data-id=\"8c68c64\" data-element_type=\"container\" data-e-type=\"container\">\n\t\t\t\t\t<div class=\"e-con-inner\">\n\t\t\t\t<div class=\"elementor-element elementor-element-c8f57cf elementor-widget elementor-widget-text-editor\" data-id=\"c8f57cf\" data-element_type=\"widget\" data-e-type=\"widget\" data-widget_type=\"text-editor.default\">\n\t\t\t\t\t\t\t\t\t<p data-start=\"0\" data-end=\"78\">Bei Wiber ist die Versicherung nur g\u00fcltig, wenn der Unfall innerhalb von 24 Stunden gemeldet wird.<\/p><p data-start=\"80\" data-end=\"219\" data-is-last-node=\"\" data-is-only-node=\"\">Im Falle eines schwereren Unfalls oder wenn die Polizei eingeschaltet werden muss, wird empfohlen, den Vorfall so schnell wie m\u00f6glich zu melden.<\/p>\t\t\t\t\t\t\t\t<\/div>\n\t\t\t\t\t<\/div>\n\t\t\t\t<\/div>\n\t\t\t\t\t<\/details>\n\t\t\t\t\t\t<details id=\"e-n-accordion-item-3976\" class=\"e-n-accordion-item\" >\n\t\t\t\t<summary class=\"e-n-accordion-item-title\" data-accordion-index=\"7\" tabindex=\"-1\" aria-expanded=\"false\" aria-controls=\"e-n-accordion-item-3976\" >\n\t\t\t\t\t<span class='e-n-accordion-item-title-header'><div class=\"e-n-accordion-item-title-text\"> Was passiert, wenn mein Flug Versp\u00e4tung hat? <\/div><\/span>\n\t\t\t\t\t\t\t<span class='e-n-accordion-item-title-icon'>\n\t\t\t<span class='e-opened' ><svg aria-hidden=\"true\" class=\"e-font-icon-svg e-fas-chevron-up\" viewBox=\"0 0 448 512\" xmlns=\"http:\/\/www.w3.org\/2000\/svg\"><path d=\"M240.971 130.524l194.343 194.343c9.373 9.373 9.373 24.569 0 33.941l-22.667 22.667c-9.357 9.357-24.522 9.375-33.901.04L224 227.495 69.255 381.516c-9.379 9.335-24.544 9.317-33.901-.04l-22.667-22.667c-9.373-9.373-9.373-24.569 0-33.941L207.03 130.525c9.372-9.373 24.568-9.373 33.941-.001z\"><\/path><\/svg><\/span>\n\t\t\t<span class='e-closed'><svg aria-hidden=\"true\" class=\"e-font-icon-svg e-fas-chevron-down\" viewBox=\"0 0 448 512\" xmlns=\"http:\/\/www.w3.org\/2000\/svg\"><path d=\"M207.029 381.476L12.686 187.132c-9.373-9.373-9.373-24.569 0-33.941l22.667-22.667c9.357-9.357 24.522-9.375 33.901-.04L224 284.505l154.745-154.021c9.379-9.335 24.544-9.317 33.901.04l22.667 22.667c9.373 9.373 9.373 24.569 0 33.941L240.971 381.476c-9.373 9.372-24.569 9.372-33.942 0z\"><\/path><\/svg><\/span>\n\t\t<\/span>\n\n\t\t\t\t\t\t<\/summary>\n\t\t\t\t<div role=\"region\" aria-labelledby=\"e-n-accordion-item-3976\" class=\"elementor-element elementor-element-ba2c25f e-flex e-con-boxed e-con e-child\" data-id=\"ba2c25f\" data-element_type=\"container\" data-e-type=\"container\">\n\t\t\t\t\t<div class=\"e-con-inner\">\n\t\t\t\t<div class=\"elementor-element elementor-element-be0c8f9 elementor-widget elementor-widget-text-editor\" data-id=\"be0c8f9\" data-element_type=\"widget\" data-e-type=\"widget\" data-widget_type=\"text-editor.default\">\n\t\t\t\t\t\t\t\t\t<p data-start=\"0\" data-end=\"240\">Wenn Ihr Flug Versp\u00e4tung hat, wird Wiber w\u00e4hrend der Gesch\u00e4ftszeiten auf Sie warten, und Ihre Reservierung bleibt g\u00fcltig. Es ist wichtig, dass Sie innerhalb von 45 Minuten nach der Landung am Treffpunkt eintreffen &#8211; andernfalls kann Ihre Buchung nicht garantiert werden. <\/p><p data-start=\"242\" data-end=\"434\" data-is-last-node=\"\" data-is-only-node=\"\">Wenn die Versp\u00e4tung dazu f\u00fchrt, dass Sie das Auto nur au\u00dferhalb der Gesch\u00e4ftszeiten (nach 23.00 Uhr) abholen k\u00f6nnen, kann eine zus\u00e4tzliche Geb\u00fchr von 40 \u20ac anfallen, und die Reservierung kann nur mit vorheriger Best\u00e4tigung anerkannt werden.<\/p>\t\t\t\t\t\t\t\t<\/div>\n\t\t\t\t\t<\/div>\n\t\t\t\t<\/div>\n\t\t\t\t\t<\/details>\n\t\t\t\t\t\t<details id=\"e-n-accordion-item-3977\" class=\"e-n-accordion-item\" >\n\t\t\t\t<summary class=\"e-n-accordion-item-title\" data-accordion-index=\"8\" tabindex=\"-1\" aria-expanded=\"false\" aria-controls=\"e-n-accordion-item-3977\" >\n\t\t\t\t\t<span class='e-n-accordion-item-title-header'><div class=\"e-n-accordion-item-title-text\"> In welchen F\u00e4llen kann ich meine Reservierung kostenlos stornieren? <\/div><\/span>\n\t\t\t\t\t\t\t<span class='e-n-accordion-item-title-icon'>\n\t\t\t<span class='e-opened' ><svg aria-hidden=\"true\" class=\"e-font-icon-svg e-fas-chevron-up\" viewBox=\"0 0 448 512\" xmlns=\"http:\/\/www.w3.org\/2000\/svg\"><path d=\"M240.971 130.524l194.343 194.343c9.373 9.373 9.373 24.569 0 33.941l-22.667 22.667c-9.357 9.357-24.522 9.375-33.901.04L224 227.495 69.255 381.516c-9.379 9.335-24.544 9.317-33.901-.04l-22.667-22.667c-9.373-9.373-9.373-24.569 0-33.941L207.03 130.525c9.372-9.373 24.568-9.373 33.941-.001z\"><\/path><\/svg><\/span>\n\t\t\t<span class='e-closed'><svg aria-hidden=\"true\" class=\"e-font-icon-svg e-fas-chevron-down\" viewBox=\"0 0 448 512\" xmlns=\"http:\/\/www.w3.org\/2000\/svg\"><path d=\"M207.029 381.476L12.686 187.132c-9.373-9.373-9.373-24.569 0-33.941l22.667-22.667c9.357-9.357 24.522-9.375 33.901-.04L224 284.505l154.745-154.021c9.379-9.335 24.544-9.317 33.901.04l22.667 22.667c9.373 9.373 9.373 24.569 0 33.941L240.971 381.476c-9.373 9.372-24.569 9.372-33.942 0z\"><\/path><\/svg><\/span>\n\t\t<\/span>\n\n\t\t\t\t\t\t<\/summary>\n\t\t\t\t<div role=\"region\" aria-labelledby=\"e-n-accordion-item-3977\" class=\"elementor-element elementor-element-c7e6bd8 e-flex e-con-boxed e-con e-child\" data-id=\"c7e6bd8\" data-element_type=\"container\" data-e-type=\"container\">\n\t\t\t\t\t<div class=\"e-con-inner\">\n\t\t\t\t<div class=\"elementor-element elementor-element-94d195d elementor-widget elementor-widget-text-editor\" data-id=\"94d195d\" data-element_type=\"widget\" data-e-type=\"widget\" data-widget_type=\"text-editor.default\">\n\t\t\t\t\t\t\t\t\t<article class=\"text-token-text-primary w-full\" dir=\"auto\" data-testid=\"conversation-turn-78\" data-scroll-anchor=\"true\"><div class=\"text-base my-auto mx-auto py-5 [--thread-content-margin:--spacing(4)] @[37rem]:[--thread-content-margin:--spacing(6)] @[72rem]:[--thread-content-margin:--spacing(16)] px-(--thread-content-margin)\"><div class=\"[--thread-content-max-width:32rem] @[34rem]:[--thread-content-max-width:40rem] @[64rem]:[--thread-content-max-width:48rem] mx-auto flex max-w-(--thread-content-max-width) flex-1 text-base gap-4 md:gap-5 lg:gap-6 group\/turn-messages focus-visible:outline-hidden\" tabindex=\"-1\"><div class=\"group\/conversation-turn relative flex w-full min-w-0 flex-col agent-turn\"><div class=\"relative flex-col gap-1 md:gap-3\"><div class=\"flex max-w-full flex-col grow\"><div class=\"min-h-8 text-message relative flex w-full flex-col items-end gap-2 text-start break-words whitespace-normal [.text-message+&amp;]:mt-5\" dir=\"auto\" data-message-author-role=\"assistant\" data-message-id=\"66f88fa8-7c51-4fe8-9e20-0f6a3d8fbbc5\" data-message-model-slug=\"gpt-4o\"><div class=\"flex w-full flex-col gap-1 empty:hidden first:pt-[3px]\"><div class=\"markdown prose dark:prose-invert w-full break-words dark\"><p data-start=\"0\" data-end=\"127\" data-is-last-node=\"\" data-is-only-node=\"\">Mit dem All-Inclusive-Paket k\u00f6nnen Sie Ihre Reservierung bis zu 24 Stunden vor der geplanten Abholzeit kostenlos stornieren.<\/p><\/div><\/div><\/div><\/div><\/div><\/div><\/div><\/div><\/article>\t\t\t\t\t\t\t\t<\/div>\n\t\t\t\t\t<\/div>\n\t\t\t\t<\/div>\n\t\t\t\t\t<\/details>\n\t\t\t\t\t\t<details id=\"e-n-accordion-item-3978\" class=\"e-n-accordion-item\" >\n\t\t\t\t<summary class=\"e-n-accordion-item-title\" data-accordion-index=\"9\" tabindex=\"-1\" aria-expanded=\"false\" aria-controls=\"e-n-accordion-item-3978\" >\n\t\t\t\t\t<span class='e-n-accordion-item-title-header'><div class=\"e-n-accordion-item-title-text\"> Wann ist der beste Zeitpunkt f\u00fcr die Buchung eines Mietwagens? <\/div><\/span>\n\t\t\t\t\t\t\t<span class='e-n-accordion-item-title-icon'>\n\t\t\t<span class='e-opened' ><svg aria-hidden=\"true\" class=\"e-font-icon-svg e-fas-chevron-up\" viewBox=\"0 0 448 512\" xmlns=\"http:\/\/www.w3.org\/2000\/svg\"><path d=\"M240.971 130.524l194.343 194.343c9.373 9.373 9.373 24.569 0 33.941l-22.667 22.667c-9.357 9.357-24.522 9.375-33.901.04L224 227.495 69.255 381.516c-9.379 9.335-24.544 9.317-33.901-.04l-22.667-22.667c-9.373-9.373-9.373-24.569 0-33.941L207.03 130.525c9.372-9.373 24.568-9.373 33.941-.001z\"><\/path><\/svg><\/span>\n\t\t\t<span class='e-closed'><svg aria-hidden=\"true\" class=\"e-font-icon-svg e-fas-chevron-down\" viewBox=\"0 0 448 512\" xmlns=\"http:\/\/www.w3.org\/2000\/svg\"><path d=\"M207.029 381.476L12.686 187.132c-9.373-9.373-9.373-24.569 0-33.941l22.667-22.667c9.357-9.357 24.522-9.375 33.901-.04L224 284.505l154.745-154.021c9.379-9.335 24.544-9.317 33.901.04l22.667 22.667c9.373 9.373 9.373 24.569 0 33.941L240.971 381.476c-9.373 9.372-24.569 9.372-33.942 0z\"><\/path><\/svg><\/span>\n\t\t<\/span>\n\n\t\t\t\t\t\t<\/summary>\n\t\t\t\t<div role=\"region\" aria-labelledby=\"e-n-accordion-item-3978\" class=\"elementor-element elementor-element-b12ef9b e-flex e-con-boxed e-con e-child\" data-id=\"b12ef9b\" data-element_type=\"container\" data-e-type=\"container\">\n\t\t\t\t\t<div class=\"e-con-inner\">\n\t\t<div role=\"region\" aria-labelledby=\"e-n-accordion-item-3978\" class=\"elementor-element elementor-element-41774c4 e-flex e-con-boxed e-con e-child\" data-id=\"41774c4\" data-element_type=\"container\" data-e-type=\"container\">\n\t\t\t\t\t<div class=\"e-con-inner\">\n\t\t\t\t<div class=\"elementor-element elementor-element-a91518b elementor-widget elementor-widget-text-editor\" data-id=\"a91518b\" data-element_type=\"widget\" data-e-type=\"widget\" data-widget_type=\"text-editor.default\">\n\t\t\t\t\t\t\t\t\t<p data-start=\"0\" data-end=\"232\">Unserer Erfahrung nach ist es am besten, das Auto zu buchen, sobald Ihre Reisedaten best\u00e4tigt sind. Wir empfehlen jedoch, die Preise regelm\u00e4\u00dfig zu \u00fcberpr\u00fcfen, da Sie dank der kostenlosen Stornierungsoption zu einem g\u00fcnstigeren Tarif umbuchen k\u00f6nnen, wenn die Preise fallen. <\/p><p data-start=\"234\" data-end=\"344\" data-is-last-node=\"\" data-is-only-node=\"\">Wir \u00fcberpr\u00fcfen die Preise einmal pro Woche, und in etwa 70 % der F\u00e4lle gelingt es uns, einen niedrigeren Preis zu finden und entsprechend umzubuchen.<\/p>\t\t\t\t\t\t\t\t<\/div>\n\t\t\t\t\t<\/div>\n\t\t\t\t<\/div>\n\t\t\t\t\t<\/div>\n\t\t\t\t<\/div>\n\t\t\t\t\t<\/details>\n\t\t\t\t\t<\/div>\n\t\t\t\t\t\t<\/div>\n\t\t\t\t\t<\/div>\n\t\t\t\t<\/div>\n\t\t<div class=\"elementor-element elementor-element-aad4819 e-flex e-con-boxed e-con e-parent\" data-id=\"aad4819\" data-element_type=\"container\" data-e-type=\"container\">\n\t\t\t\t\t<div class=\"e-con-inner\">\n\t\t\t\t<div class=\"elementor-element elementor-element-2a9075a elementor-widget elementor-widget-spacer\" data-id=\"2a9075a\" data-element_type=\"widget\" data-e-type=\"widget\" data-widget_type=\"spacer.default\">\n\t\t\t\t\t\t\t<div class=\"elementor-spacer\">\n\t\t\t<div class=\"elementor-spacer-inner\"><\/div>\n\t\t<\/div>\n\t\t\t\t\t\t<\/div>\n\t\t\t\t\t<\/div>\n\t\t\t\t<\/div>\n\t\t\t\t<\/div>\n\t\t","protected":false},"excerpt":{"rendered":"<p>Wiber Rent a Car &#8211; Autovermietung ohne Kreditkarte oder Kaution &#8211; unser pers\u00f6nlicher Favorit! Verwenden Sie den Gutscheincode FIESTA10 und sparen Sie 10%! Wiber Rent a Car bietet ein umfassendes Autovermietungserlebnis in ganz Spanien mit modernen L\u00f6sungen, transparenten Preisen und hervorragendem Kundenservice. Das Unternehmen hat sich Qualit\u00e4t und Kundenzufriedenheit auf die Fahnen geschrieben &#8211; das [&hellip;]<\/p>\n","protected":false},"author":1,"featured_media":0,"comment_status":"closed","ping_status":"closed","sticky":false,"template":"elementor_header_footer","format":"standard","meta":{"footnotes":""},"categories":[47],"tags":[],"class_list":["post-16470","post","type-post","status-publish","format-standard","hentry","category-nicht-kategorisiert"],"_links":{"self":[{"href":"https:\/\/car4youspain.com\/de\/wp-json\/wp\/v2\/posts\/16470","targetHints":{"allow":["GET"]}}],"collection":[{"href":"https:\/\/car4youspain.com\/de\/wp-json\/wp\/v2\/posts"}],"about":[{"href":"https:\/\/car4youspain.com\/de\/wp-json\/wp\/v2\/types\/post"}],"author":[{"embeddable":true,"href":"https:\/\/car4youspain.com\/de\/wp-json\/wp\/v2\/users\/1"}],"replies":[{"embeddable":true,"href":"https:\/\/car4youspain.com\/de\/wp-json\/wp\/v2\/comments?post=16470"}],"version-history":[{"count":0,"href":"https:\/\/car4youspain.com\/de\/wp-json\/wp\/v2\/posts\/16470\/revisions"}],"wp:attachment":[{"href":"https:\/\/car4youspain.com\/de\/wp-json\/wp\/v2\/media?parent=16470"}],"wp:term":[{"taxonomy":"category","embeddable":true,"href":"https:\/\/car4youspain.com\/de\/wp-json\/wp\/v2\/categories?post=16470"},{"taxonomy":"post_tag","embeddable":true,"href":"https:\/\/car4youspain.com\/de\/wp-json\/wp\/v2\/tags?post=16470"}],"curies":[{"name":"wp","href":"https:\/\/api.w.org\/{rel}","templated":true}]}}